{"id":14841,"date":"2010-07-05T15:48:22","date_gmt":"2010-07-05T18:48:22","guid":{"rendered":"http:\/\/www.walcordeiro.com.br\/v1\/?p=14841"},"modified":"2010-07-05T15:48:22","modified_gmt":"2010-07-05T18:48:22","slug":"greve-de-medicos-peritos-completa-uma-semana-em-salvador","status":"publish","type":"post","link":"https:\/\/www.walcordeiro.com.br\/v1\/2010\/07\/05\/greve-de-medicos-peritos-completa-uma-semana-em-salvador\/","title":{"rendered":"Greve de m\u00e9dicos peritos completa uma semana em Salvador"},"content":{"rendered":"<p><strong><em>Am\u00e9lia Vieira | A TARDE*<\/em><\/strong><\/p>\n<div id=\"HOTWordsTxt\">\n<p>Os m\u00e9dicos peritos do INSS em Salvador completam nesta segunda-feira, 5, uma semana em greve sem previs\u00e3o de acordo com o governo federal. A categoria segue o movimento nacional, que come\u00e7ou no dia 22 de junho. Apesar de obedecer a determina\u00e7\u00e3o do Supremo <a onclick=\"hwClick(&quot;Tribunal&quot;);return false;\" onmouseover=\"hwShow(event, this, &quot;Tribunal&quot;); this.style.cursor=&quot;hand&quot;; this.style.textDecoration=&quot;underline&quot;; this.style.borderBottom=&quot;solid&quot;;\" onmouseout=\"hideMaybe(this, &quot;Tribunal&quot;); this.style.cursor=&quot;hand&quot;; this.style.textDecoration=&quot;underline&quot;; this.style.borderBottom=&quot;dotted 1px&quot;; \" href=\"#\">Tribunal<\/a> Federal (STF), de manter 50% dos peritos <a onclick=\"hwClick(&quot;trabalhando&quot;);return false;\" onmouseover=\"hwShow(event, this, &quot;trabalhando&quot;); this.style.cursor=&quot;hand&quot;; this.style.textDecoration=&quot;underline&quot;; this.style.borderBottom=&quot;solid&quot;;\" onmouseout=\"hideMaybe(this, &quot;trabalhando&quot;); this.style.cursor=&quot;hand&quot;; this.style.textDecoration=&quot;underline&quot;; this.style.borderBottom=&quot;dotted 1px&quot;; \" href=\"#\">trabalhando<\/a>, nem todos os benefici\u00e1rios que foram \u00e0 ag\u00eancia da Previd\u00eancia de Brotas conseguiram realizar a per\u00edcia. A m\u00e9dia de espera de <a onclick=\"hwClick(&quot;atendimento&quot;);return false;\" onmouseover=\"hwShow(event, this, &quot;atendimento&quot;); this.style.cursor=&quot;hand&quot;; this.style.textDecoration=&quot;underline&quot;; this.style.borderBottom=&quot;solid&quot;;\" onmouseout=\"hideMaybe(this, &quot;atendimento&quot;); this.style.cursor=&quot;hand&quot;; this.style.textDecoration=&quot;underline&quot;; this.style.borderBottom=&quot;dotted 1px&quot;; \" href=\"#\">atendimento<\/a> \u00e9 de um m\u00eas.<\/p>\n<p>O presidente da Associa\u00e7\u00e3o Nacional de M\u00e9dicos Peritos da Previd\u00eancia, Luiz Carlos de Teive Argolo, disse que a categoria reclama de inseguran\u00e7a no <a onclick=\"hwClick(&quot;trabalho&quot;);return false;\" onmouseover=\"hwShow(event, this, &quot;trabalho&quot;); this.style.cursor=&quot;hand&quot;; this.style.textDecoration=&quot;underline&quot;; this.style.borderBottom=&quot;solid&quot;;\" onmouseout=\"hideMaybe(this, &quot;trabalho&quot;); this.style.cursor=&quot;hand&quot;; this.style.textDecoration=&quot;underline&quot;; this.style.borderBottom=&quot;dotted 1px&quot;; \" href=\"#\">trabalho<\/a> e redu\u00e7\u00e3o da carga hor\u00e1ria. Atualmente, eles trabalham oito horas com uma hora de descanso e gostariam que a jornada fosse de seis horas ininterruptas.<!--more--><\/p>\n<p>A assessoria do Minist\u00e9rio da Previd\u00eancia disse que os m\u00e9dicos peritos entraram em acordo com o presidente Luiz In\u00e1cio Lula da Silva, que aprovou uma Medida Provis\u00f3ria (MP) possibilitando que o trabalhador opte por trabalhar oito ou seis horas, mas com desconto na remunera\u00e7\u00e3o.<\/p>\n<p>Argolo disse que h\u00e1 possibilidade da categoria e o governo sentarem para negociar nesta quarta, 7, mas o Minist\u00e9rio da Previd\u00eancia n\u00e3o confirma o encontro.<\/p>\n<p>*Com reda\u00e7\u00e3o de Paula Pitta | A TARDE ON Line<\/p>\n<\/div>\n","protected":false},"excerpt":{"rendered":"<p>Am\u00e9lia Vieira | A TARDE* Os m\u00e9dicos peritos do INSS em Salvador completam nesta segunda-feira, 5, uma semana em greve sem previs\u00e3o de acordo com o governo federal. A categoria segue o movimento nacional, que come\u00e7ou no dia 22 de junho. Apesar de obedecer a determina\u00e7\u00e3o do Supremo Tribunal Federal (STF), de manter 50% dos peritos trabalhando, nem todos os benefici\u00e1rios que foram \u00e0 ag\u00eancia da Previd\u00eancia de Brotas conseguiram realizar a per\u00edcia. A m\u00e9dia de espera de atendimento \u00e9 de um m\u00eas. O presidente da Associa\u00e7\u00e3o Nacional de M\u00e9dicos Peritos da Previd\u00eancia, Luiz Carlos de Teive Argolo, disse que&#8230;<\/p>\n","protected":false},"author":2,"featured_media":0,"comment_status":"open","ping_status":"open","sticky":false,"template":"","format":"standard","meta":{"footnotes":"","_links_to":"","_links_to_target":""},"categories":[6],"tags":[],"class_list":["post-14841","post","type-post","status-publish","format-standard","hentry","category-noticias"],"acf":[],"views":639,"_links":{"self":[{"href":"https:\/\/www.walcordeiro.com.br\/v1\/wp-json\/wp\/v2\/posts\/14841","targetHints":{"allow":["GET"]}}],"collection":[{"href":"https:\/\/www.walcordeiro.com.br\/v1\/wp-json\/wp\/v2\/posts"}],"about":[{"href":"https:\/\/www.walcordeiro.com.br\/v1\/wp-json\/wp\/v2\/types\/post"}],"author":[{"embeddable":true,"href":"https:\/\/www.walcordeiro.com.br\/v1\/wp-json\/wp\/v2\/users\/2"}],"replies":[{"embeddable":true,"href":"https:\/\/www.walcordeiro.com.br\/v1\/wp-json\/wp\/v2\/comments?post=14841"}],"version-history":[{"count":1,"href":"https:\/\/www.walcordeiro.com.br\/v1\/wp-json\/wp\/v2\/posts\/14841\/revisions"}],"predecessor-version":[{"id":14842,"href":"https:\/\/www.walcordeiro.com.br\/v1\/wp-json\/wp\/v2\/posts\/14841\/revisions\/14842"}],"wp:attachment":[{"href":"https:\/\/www.walcordeiro.com.br\/v1\/wp-json\/wp\/v2\/media?parent=14841"}],"wp:term":[{"taxonomy":"category","embeddable":true,"href":"https:\/\/www.walcordeiro.com.br\/v1\/wp-json\/wp\/v2\/categories?post=14841"},{"taxonomy":"post_tag","embeddable":true,"href":"https:\/\/www.walcordeiro.com.br\/v1\/wp-json\/wp\/v2\/tags?post=14841"}],"curies":[{"name":"wp","href":"https:\/\/api.w.org\/{rel}","templated":true}]}}