{"id":14344,"date":"2010-06-29T09:07:21","date_gmt":"2010-06-29T12:07:21","guid":{"rendered":"http:\/\/www.walcordeiro.com.br\/v1\/?p=14344"},"modified":"2010-06-29T09:07:21","modified_gmt":"2010-06-29T12:07:21","slug":"grupo-uninter-abre-curso-a-distancia-de-extensao-em-avaliacao-da-aprendizagem-em-todo-o-brasil","status":"publish","type":"post","link":"https:\/\/www.walcordeiro.com.br\/v1\/2010\/06\/29\/grupo-uninter-abre-curso-a-distancia-de-extensao-em-avaliacao-da-aprendizagem-em-todo-o-brasil\/","title":{"rendered":"Grupo UNINTER abre curso a dist\u00e2ncia de extens\u00e3o em Avalia\u00e7\u00e3o da Aprendizagem em todo o Brasil"},"content":{"rendered":"<p>O Grupo Educacional UNINTER, por meio de suas institui\u00e7\u00f5es de ensino superior Facinter e Fatec Internacional, est\u00e1 com inscri\u00e7\u00f5es abertas para o curso de extens\u00e3o a dist\u00e2ncia em Avalia\u00e7\u00e3o da Aprendizagem em todo o pa\u00eds.<\/p>\n<p>O objetivo do curso \u00e9 possibilitar decis\u00f5es que ajudem na melhoria da qualidade de ensino, al\u00e9m de discutir o papel da avalia\u00e7\u00e3o no cotidiano escolar apresentando a vis\u00e3o de pesquisadores e profissionais da \u00e1rea. O curso \u00e9 voltado para professores, alunos e demais interessados.<!--more--><\/p>\n<p>As inscri\u00e7\u00f5es podem ser feitas at\u00e9 o dia 19 de julho pelo site <a href=\"http:\/\/www.grupouninter.com.br\/inquietacoes\">www.grupouninter.com.br\/inquietacoes<\/a>, no valor de R$25,00 para alunos do grupo e R$ 50,00 para a comunidade externa. As vagas s\u00e3o limitadas.<\/p>\n<p>O curso vai de\u00a019 de julho\u00a0a 30 de agosto. As aulas ser\u00e3o transmitidas \u00e0s segundas-feiras, das 18 \u00e0s 18h50, para os Polos de Apoio Presencial do Grupo Educacional UNINTER, distribu\u00eddos em mais de 600 cidades do Brasil.<\/p>\n<p><em>Fonte: <\/em><a href=\"http:\/\/www.grupouninter.com.br\"><em>www.grupouninter.com.br<\/em><\/a><\/p>\n","protected":false},"excerpt":{"rendered":"<p>O Grupo Educacional UNINTER, por meio de suas institui\u00e7\u00f5es de ensino superior Facinter e Fatec Internacional, est\u00e1 com inscri\u00e7\u00f5es abertas para o curso de extens\u00e3o a dist\u00e2ncia em Avalia\u00e7\u00e3o da Aprendizagem em todo o pa\u00eds. O objetivo do curso \u00e9 possibilitar decis\u00f5es que ajudem na melhoria da qualidade de ensino, al\u00e9m de discutir o papel da avalia\u00e7\u00e3o no cotidiano escolar apresentando a vis\u00e3o de pesquisadores e profissionais da \u00e1rea. O curso \u00e9 voltado para professores, alunos e demais interessados.<\/p>\n","protected":false},"author":2,"featured_media":0,"comment_status":"open","ping_status":"open","sticky":false,"template":"","format":"standard","meta":{"footnotes":"","_links_to":"","_links_to_target":""},"categories":[6],"tags":[5082,5081,105],"class_list":["post-14344","post","type-post","status-publish","format-standard","hentry","category-noticias","tag-facukldade","tag-uninter","tag-vestibular"],"acf":[],"views":1421,"_links":{"self":[{"href":"https:\/\/www.walcordeiro.com.br\/v1\/wp-json\/wp\/v2\/posts\/14344","targetHints":{"allow":["GET"]}}],"collection":[{"href":"https:\/\/www.walcordeiro.com.br\/v1\/wp-json\/wp\/v2\/posts"}],"about":[{"href":"https:\/\/www.walcordeiro.com.br\/v1\/wp-json\/wp\/v2\/types\/post"}],"author":[{"embeddable":true,"href":"https:\/\/www.walcordeiro.com.br\/v1\/wp-json\/wp\/v2\/users\/2"}],"replies":[{"embeddable":true,"href":"https:\/\/www.walcordeiro.com.br\/v1\/wp-json\/wp\/v2\/comments?post=14344"}],"version-history":[{"count":1,"href":"https:\/\/www.walcordeiro.com.br\/v1\/wp-json\/wp\/v2\/posts\/14344\/revisions"}],"predecessor-version":[{"id":14345,"href":"https:\/\/www.walcordeiro.com.br\/v1\/wp-json\/wp\/v2\/posts\/14344\/revisions\/14345"}],"wp:attachment":[{"href":"https:\/\/www.walcordeiro.com.br\/v1\/wp-json\/wp\/v2\/media?parent=14344"}],"wp:term":[{"taxonomy":"category","embeddable":true,"href":"https:\/\/www.walcordeiro.com.br\/v1\/wp-json\/wp\/v2\/categories?post=14344"},{"taxonomy":"post_tag","embeddable":true,"href":"https:\/\/www.walcordeiro.com.br\/v1\/wp-json\/wp\/v2\/tags?post=14344"}],"curies":[{"name":"wp","href":"https:\/\/api.w.org\/{rel}","templated":true}]}}