{"id":13954,"date":"2010-06-24T15:33:37","date_gmt":"2010-06-24T18:33:37","guid":{"rendered":"http:\/\/www.walcordeiro.com.br\/v1\/?p=13954"},"modified":"2010-06-24T15:33:37","modified_gmt":"2010-06-24T18:33:37","slug":"kfouri-para-kaka-%e2%80%9ce-a-fifa-que-proibe-religiao-no-futebol-nao-eu%e2%80%9d","status":"publish","type":"post","link":"https:\/\/www.walcordeiro.com.br\/v1\/2010\/06\/24\/kfouri-para-kaka-%e2%80%9ce-a-fifa-que-proibe-religiao-no-futebol-nao-eu%e2%80%9d\/","title":{"rendered":"Kfouri para Kak\u00e1: \u201c\u00c9 a Fifa que pro\u00edbe religi\u00e3o no futebol, n\u00e3o eu\u201d"},"content":{"rendered":"<p><img loading=\"lazy\" decoding=\"async\" src=\"http:\/\/www.folhagospel.com\/imagem\/Juca_Kfouri.jpg\" border=\"0\" alt=\"\" hspace=\"3\" width=\"135\" height=\"104\" align=\"left\" \/>Em entrevista coletiva na ter\u00e7a-feira,22, o meia Kak\u00e1 acusou o jornalista esportivo Juca Kfouri de o atacar por causa de sua f\u00e9 crist\u00e3. Em entrevista ao portal Terra, Kfouri se defendeu e falou sobre Kak\u00e1 e a f\u00e9 dos crist\u00e3os: \u201cN\u00e3o critico os que t\u00eam F\u00e9, mas sim os que vivem explorando a F\u00e9 e os que realmente t\u00eam F\u00e9\u2026\u201d, atacou Kfouri.<br \/>\nConfira a mat\u00e9ria e a entrevista abaixo:<br \/>\n<!--more--><br \/>\nEsse \u00e9 um assunto delicado e s\u00e9rio: religi\u00e3o. T\u00e3o delicado e s\u00e9rio que \u00e9 um tabu, quase todos o evitam para escapar \u00e0 ira de quem cr\u00ea e tamb\u00e9m de quem n\u00e3o acredita. Assunto t\u00e3o delicado e s\u00e9rio que a FIFA proibiu manifesta\u00e7\u00f5es religiosas coletivas em campo. Isso depois de a Sele\u00e7\u00e3o ter orado no gramado do Ellis Park ao final da Copa das Confedera\u00e7\u00f5es de 2009, Brasil 3, EUA 2, h\u00e1 um ano. Na ter\u00e7a-feira, 22, o maior astro do Brasil, Kak\u00e1, trouxe o pol\u00eamico tema religi\u00e3o para dentro da Copa do Mundo.<\/p>\n<p>Em resposta a uma not\u00edcia dada pelo mais importante jornalista esportivo brasileiro, Juca Kfouri, o meia disse que Kfouri o estaria atacando \u201cpor ele ser um crist\u00e3o e pregar a palavra de Jesus\u201d, enquanto o jornalista \u00e9, confessadamente, \u201cum ateu\u201d.<\/p>\n<p>Notando que n\u00e3o havia tantos pruridos e tabus nos tempos (1958, 62 e 70) em que as religi\u00f5es dos brasileiros nas sele\u00e7\u00f5es eram afro-brasileiras; o candombl\u00e9, a macumba, este blogueiro, que n\u00e3o \u00e9 ateu, buscou conversar com o ateu confesso, Juca Kfouri, alvo das palavras de Kak\u00e1 numa entrevista coletiva transmitida para todo o mundo.<\/p>\n<p>Kfouri que n\u00e3o evita o tema. Ao contr\u00e1rio, tem sido cr\u00edtico ao que chama de \u201cmerchandising religioso\u201d.<\/p>\n<p>\u00c9 evidente que o mesmo interesse teria, tenho, de ouvir Kak\u00e1 sobre assunto t\u00e3o delicado, s\u00e9rio e pol\u00eamico. Fica aqui o convite, para quando ele queira.<\/p>\n<p>Vamos \u00e0 conversa:<\/p>\n<p><strong>Juca, voc\u00ea informou, com base em suas fontes m\u00e9dicas, que o Kak\u00e1 poderia estar jogando no sacrif\u00edcio, como fez o tenista Guga com sua contus\u00e3o nos quadris, e que isso poderia vir a encurtar sua carreira. A contus\u00e3o que o Kak\u00e1 teve, ou tem, \u00e9 no p\u00fabis, mas n\u00e3o \u00e9 sobre isso que vamos conversar, e sim sobre um assunto muito falado mas pouco debatido, embora j\u00e1 posto em pauta pela pr\u00f3pria FIFA ao proibir manifesta\u00e7\u00f5es coletivas de religiosidade. Falemos sobre esse tema s\u00e9rio e delicado, quase um tabu, que \u00e9 a F\u00e9, a Religi\u00e3o, e o futebol? <\/strong><\/p>\n<p>-Falemos, mas antes, o Kak\u00e1. Um, o Guga, teve problemas no quadril, o outro no p\u00fabis, mas \u00e9 a mesma dificuldade para se recuperar, tal o ponto em que as coisas chegaram. Guga foi operado e mesmo assim n\u00e3o deu. H\u00e1 s\u00e9rias d\u00favidas se adianta operar o Kak\u00e1, ali\u00e1s como ele mesmo reconheceu na mesma entrevista de ter\u00e7a-feira depois de ter dito, na mesma entrevista, que n\u00e3o tinha dores no p\u00fabis\u2026<\/p>\n<p><strong>O Kak\u00e1 respondeu dizendo que voc\u00ea se volta contra ele, usa sistematicamente uma \u201cartilharia\u201d porque voc\u00ea \u00e9 um ateu enquanto ele cr\u00ea, prega a palavra do Senhor. Voc\u00ea \u00e9 ateu? N\u00e3o cr\u00ea mesmo na Palavra do Senhor? <\/strong><\/p>\n<p>-Fui formado no Catolicismo, estudei o Catecismo, fui batizado, fiz primeira comunh\u00e3o, fui crismado, meu primeiro casamento foi na igreja e, de fato, n\u00e3o tenho F\u00e9 alguma. At\u00e9 lamento, porque sei que a F\u00e9 conforta as pessoas diante da ideia da morte.<\/p>\n<p><strong>Mas voc\u00ea nem por um momento,em nenhum instante dif\u00edcil na vida, admitiu que o Messias j\u00e1 esteve entre n\u00f3s? Que o Filho c\u00e1 esteve para nos Salvar? <\/strong><\/p>\n<p>-N\u00e3o. J\u00e1 houve homens formid\u00e1veis, generosos, dispostos a dar a vida por Justi\u00e7a, e talvez Jesus Cristo tenha mesmo sido um deles, mas como foram Gandhi, Mandela\u2026e outros.<\/p>\n<p><strong>Voc\u00ea j\u00e1 leu, ao menos estudou alguma coisa da Palavra? Voc\u00ea sabe que s\u00e3o quatro os evangelhos can\u00f4nicos, e que eles s\u00e3o os \u00fanicos aceitos como aut\u00eanticos pela maioria dos crist\u00e3os? Ou voc\u00ea nunca sequer passou pelo assunto? <\/strong><\/p>\n<p>-Passar, passei, mas mais pelo interesse liter\u00e1rio mesmo\u2026<\/p>\n<p><strong>A B\u00edblia, Juca, \u00e9, pode ser uma fonte de sabedoria, voc\u00ea admite? <\/strong><\/p>\n<p>-Claro, entendida em seu simbolismo.<\/p>\n<p><strong>Partindo desse pressuposto, de que a B\u00edblia pode iluminar at\u00e9 um ateu confesso como voc\u00ea, gostaria de propor alguns dos Salmos, das Palavras, para que voc\u00ea perceba se, em ao menos alguma coisa, Elas n\u00e3o se aplicam a voc\u00ea ou, no m\u00ednimo, ao que voc\u00ea vive, percebe. Pode ser? <\/strong><\/p>\n<p>-Vamos l\u00e1.<\/p>\n<p><strong>Comecemos por Lucas 17:1 \u201cDisse Jesus a seus disc\u00edpulos: \u00c9 inevit\u00e1vel que venham esc\u00e2ndalos, mas ai do homem pelo qual eles v\u00eam!\u201d <\/strong><\/p>\n<p>-N\u00e3o \u00e9 o que a Hist\u00f3ria da Humanidade demonstra. Invariavelmente os que causam esc\u00e2ndalos se d\u00e3o bem, infelizmente.<\/p>\n<p><strong>Em seguida, o mesmo Lucas, no 17:3 \u201cAcautelai-vos. Se teu irm\u00e3o pecar contra ti, repreende-o; se ele se arrepender, perdoa-lhe.\u201d <\/strong><\/p>\n<p>-Veja que tamb\u00e9m n\u00e3o tem sido esta a pr\u00e1tica dos evang\u00e9licos da Sele\u00e7\u00e3o,como o Jorginho, por exemplo, que vive fazendo provoca\u00e7\u00f5es. Ou como o L\u00facio, que deu no bra\u00e7o do Drogba. Eu n\u00e3o tenho visto este pessoal, o bispo Macedo, a bispa S\u00f4nia, oferecerem o outro lado do rosto\u2026<\/p>\n<p><strong>Uma leitura detalhada de Salmos entre o 35:1 e o 35:7\u2026 certamente n\u00e3o foi isso, mas o Kak\u00e1 poderia perfeitamente t\u00ea-los lido antes de dirigir-se a ti. Ou\u00e7a-os, por favor, e diga-nos se n\u00e3o. Voc\u00ea n\u00e3o poderia ser a\u00ed o sujeito ausente, n\u00e3o se enxerga a\u00ed?<br \/>\nSalmos 35:1 Contende, Senhor, com os que contendem comigo; peleja contra os que contra mim pelejam.<br \/>\nSalmos 35:4 Sejam confundidos e cobertos de vexame os que buscam tirar-me a vida; retrocedam e sejam envergonhados os que tramam contra mim.<br \/>\nSalmos 35:5 Sejam como a palha ao l\u00e9u do vento, impelindo-os o anjo do Senhor.<br \/>\nSalmos 35:6 Torne-se-lhes o caminho tenebroso e escorregadio, e o anjo do Senhor os persiga.<br \/>\nSalmos 35:7 Pois sem causa me tramaram la\u00e7os, sem causa abriram cova para a minha vida. <\/strong><\/p>\n<p>-N\u00e3o me enxergo, n\u00e3o. Seria me dar muita import\u00e2ncia. Nem eu quero mal, muito menos ao Kak\u00e1.<\/p>\n<p><strong>N\u00e3o te preocupa, em especial, o Salmo 35: 8? \u201cVenha sobre o inimigo a destrui\u00e7\u00e3o, quando ele menos pensar; e prendam-no os la\u00e7os que tramou ocultamente; caia neles para a sua pr\u00f3pria ru\u00edna\u201d. <\/strong><\/p>\n<p>-\u00c9 deveras messi\u00e2nico, n\u00e3o? De algu\u00e9m que se imagina O Escolhido, O Filho de Deus! N\u00e3o, n\u00e3o me assusta, at\u00e9 porque n\u00e3o sou inimigo dos religiosos, minha querida tia Nadir Kfouri foi reitora da PUC paulista e tenho, por exemplo, profundos respeito e admira\u00e7\u00e3o por D.Paulo Evaristo Arns. N\u00e3o sou \u201ccontra\u201d, apenas pe\u00e7o que n\u00e3o misturem religi\u00e3o com futebol. A Fifa e eu, ali\u00e1s. \u00c9 s\u00f3 isso. E foi a FIFA que proibiu religi\u00e3o no futebol, n\u00e3o eu.<\/p>\n<p><strong>Parece-me que muitas de suas cr\u00edticas s\u00e3o n\u00e3o contra a religiosidade de boa parte dos jogadores da Sele\u00e7\u00e3o, evang\u00e9licos ao menos uma dezena ou mais deles, e s\u00e3o cr\u00edticas, sim, contra a explicita\u00e7\u00e3o ostensiva da F\u00e9? \u00c9 mais ou menos isso? <\/strong><\/p>\n<p>-Exatamente. Contra o que chamo de merchandising religioso. Um porre!<\/p>\n<p><strong>\u00c0 luz desse racioc\u00ednio e da aceita\u00e7\u00e3o por ambos -voc\u00ea sendo um ateu e eu n\u00e3o- de que a B\u00edblia pode ser uma fonte de sabedoria, o que lhe parecem, por exemplo, as palavras vocalizadas por Mateus? <\/strong><\/p>\n<p>-Quais das Palavras? Qual Mateus?<\/p>\n<p><strong>Por exemplo, Mateus 6:2 \u201cQuando, pois, deres esmola, n\u00e3o toques trombeta diante de ti, como fazem os hip\u00f3critas, nas sinagogas e nas ruas, para serem glorificados pelos homens. Em verdade vos digo que eles j\u00e1 receberam a recompensa.\u201d E tamb\u00e9m Mateus 6:4 \u201cPara que a tua esmola fique em secreto; e teu Pai, que v\u00ea em secreto, te recompensar\u00e1.\u201d <\/strong><\/p>\n<p>-Acho brilhante, verdadeiramente inspiradas no que se possa chamar de \u201ccrist\u00e3o\u201d. Mas quem faz assim, desse pessoal que vive alardeando sua generosidade ou, entre os chefes, explorando a F\u00e9 e a ignor\u00e2ncia alheias? N\u00e3o critico os que t\u00eam F\u00e9, mas sim os que vivem explorando a F\u00e9 e os que realmente t\u00eam F\u00e9\u2026<\/p>\n<p><strong>E ainda segundo Mateus, o 6:5 \u201cE, quando orardes, n\u00e3o sereis como os hip\u00f3critas; porque gostam de orar em p\u00e9 nas sinagogas e nos cantos das pra\u00e7as, para serem vistos dos homens. Em verdade vos digo que eles j\u00e1 receberam a recompensa\u201d. Ou ainda o Mateus 6:6 \u201cTu, por\u00e9m, quando orares, entra no teu quarto e, fechada a porta, orar\u00e1s a teu Pai, que est\u00e1 em secreto; e teu Pai, que v\u00ea em secreto, te recompensar\u00e1\u201d. <\/strong><\/p>\n<p>-\u00c9 exatamente isso e voc\u00ea n\u00e3o imagina quantas mensagens citando estas Palavras eu recebo quando h\u00e1 este tipo de pol\u00eamica. Pol\u00eamica que o Kak\u00e1 levantou exatamente para mudar o foco da not\u00edcia.<\/p>\n<p><strong>Levando-se em conta a proibi\u00e7\u00e3o de manifesta\u00e7\u00f5es religiosas de qualquer F\u00e9 em campo e esse debate, ou a aus\u00eancia dele, recordo outras Palavras de Mateus \u201cE, orando, n\u00e3o useis de v\u00e3s repeti\u00e7\u00f5es, como os gentios; porque presumem que pelo seu muito falar ser\u00e3o ouvidos\u201d, ou ainda, no 6:8 : \u201cN\u00e3o vos assemelheis, pois, a eles; porque Deus, o vosso Pai, sabe o de que tendes necessidade, antes que lho pe\u00e7ais\u201d. <\/strong><\/p>\n<p>-De novo voltamos ao tema. Para quem cr\u00ea, se Algu\u00e9m tudo Sabe por que tanta insist\u00eancia? Se temos dois times de crentes em campo a pedir, o que, n\u00e3o aos olhos do Senhor, mas aos olhos dos que pedem, o que eles imaginam que se passar\u00e1? Por que o Senhor escolheria a uns e n\u00e3o aos outros?<\/p>\n<p><strong>Por Fim, Juca, voc\u00ea n\u00e3o teme, nem por uma fra\u00e7\u00e3o de segundo, o exposto, por exemplo, no Salmo 41:10? \u201cTu, por\u00e9m, Senhor, compadece-te de mim e levanta-me, para que eu lhes pague segundo merecem\u201d. <\/strong><\/p>\n<p>-Honestamente, por arrogante que pare\u00e7a, n\u00e3o quero que ningu\u00e9m tenha pena de mim\u2026 n\u00e3o ca\u00ed para ser levantado e n\u00e3o devo nada a ningu\u00e9m. Respeito a F\u00e9 de quem a tem e quero que me deixem em paz com a minha descren\u00e7a.<\/p>\n<p><strong>Fonte: Portal Terra<\/strong><\/p>\n","protected":false},"excerpt":{"rendered":"<p>Em entrevista coletiva na ter\u00e7a-feira,22, o meia Kak\u00e1 acusou o jornalista esportivo Juca Kfouri de o atacar por causa de sua f\u00e9 crist\u00e3. Em entrevista ao portal Terra, Kfouri se defendeu e falou sobre Kak\u00e1 e a f\u00e9 dos crist\u00e3os: \u201cN\u00e3o critico os que t\u00eam F\u00e9, mas sim os que vivem explorando a F\u00e9 e os que realmente t\u00eam F\u00e9\u2026\u201d, atacou Kfouri. Confira a mat\u00e9ria e a entrevista abaixo:<\/p>\n","protected":false},"author":2,"featured_media":0,"comment_status":"open","ping_status":"open","sticky":false,"template":"","format":"standard","meta":{"footnotes":"","_links_to":"","_links_to_target":""},"categories":[6],"tags":[],"class_list":["post-13954","post","type-post","status-publish","format-standard","hentry","category-noticias"],"acf":[],"views":1398,"_links":{"self":[{"href":"https:\/\/www.walcordeiro.com.br\/v1\/wp-json\/wp\/v2\/posts\/13954","targetHints":{"allow":["GET"]}}],"collection":[{"href":"https:\/\/www.walcordeiro.com.br\/v1\/wp-json\/wp\/v2\/posts"}],"about":[{"href":"https:\/\/www.walcordeiro.com.br\/v1\/wp-json\/wp\/v2\/types\/post"}],"author":[{"embeddable":true,"href":"https:\/\/www.walcordeiro.com.br\/v1\/wp-json\/wp\/v2\/users\/2"}],"replies":[{"embeddable":true,"href":"https:\/\/www.walcordeiro.com.br\/v1\/wp-json\/wp\/v2\/comments?post=13954"}],"version-history":[{"count":1,"href":"https:\/\/www.walcordeiro.com.br\/v1\/wp-json\/wp\/v2\/posts\/13954\/revisions"}],"predecessor-version":[{"id":13955,"href":"https:\/\/www.walcordeiro.com.br\/v1\/wp-json\/wp\/v2\/posts\/13954\/revisions\/13955"}],"wp:attachment":[{"href":"https:\/\/www.walcordeiro.com.br\/v1\/wp-json\/wp\/v2\/media?parent=13954"}],"wp:term":[{"taxonomy":"category","embeddable":true,"href":"https:\/\/www.walcordeiro.com.br\/v1\/wp-json\/wp\/v2\/categories?post=13954"},{"taxonomy":"post_tag","embeddable":true,"href":"https:\/\/www.walcordeiro.com.br\/v1\/wp-json\/wp\/v2\/tags?post=13954"}],"curies":[{"name":"wp","href":"https:\/\/api.w.org\/{rel}","templated":true}]}}