{"id":13863,"date":"2010-06-23T10:23:38","date_gmt":"2010-06-23T13:23:38","guid":{"rendered":"http:\/\/www.walcordeiro.com.br\/v1\/?p=13863"},"modified":"2010-06-23T10:23:38","modified_gmt":"2010-06-23T13:23:38","slug":"candidatos-baianos-entram-no-clima-do-forro","status":"publish","type":"post","link":"https:\/\/www.walcordeiro.com.br\/v1\/2010\/06\/23\/candidatos-baianos-entram-no-clima-do-forro\/","title":{"rendered":"Candidatos baianos entram no clima do forr\u00f3"},"content":{"rendered":"<p><em><strong>L\u00edlian Machado\/Tribuna da Bahia<\/strong><\/em><\/p>\n<p>\u00a0Em ritmo de S\u00e3o Jo\u00e3o, muitos pol\u00edticos baianos j\u00e1 colocaram o p\u00e9 na estrada e foram atr\u00e1s dos arrasta-p\u00e9s pelo interior do estado. Atr\u00e1s do clima junino que envolve os quatros cantos da Bahia, os principais candidatos ao Pal\u00e1cio de Ondina prometem participar ativamente da festa tipicamente nordestina. Paulo Souto (DEM), Jaques Wagner (PT), Geddel Vieira Lima (PMDB) e Luiz Bassuma (PV) est\u00e3o com a agenda cheia de visitas pelos \u201carrai\u00e1s\u201d espalhados pelos munic\u00edpios.<\/p>\n<div id=\"HOTWordsTxt\">\n<p>\u00a0\u00a0Da Chapada ao Rec\u00f4ncavo, do Baixo Sul ao Oeste, os postulantes ao governo devem <a onclick=\"hwClick(&quot;aproveitar&quot;);return false;\" onmouseover=\"hwShow(event, this, &quot;aproveitar&quot;); this.style.cursor=&quot;hand&quot;; this.style.textDecoration=&quot;underline&quot;; this.style.borderBottom=&quot;solid&quot;;\" onmouseout=\"hideMaybe(this, &quot;aproveitar&quot;); this.style.cursor=&quot;hand&quot;; this.style.textDecoration=&quot;underline&quot;; this.style.borderBottom=&quot;dotted 1px&quot;; \" href=\"http:\/\/www.tribunadabahia.com.br\/news.php?idAtual=51420#\">aproveitar<\/a> o roteiro da fogueira junina para <a onclick=\"hwClick(&quot;esquentar&quot;);return false;\" onmouseover=\"hwShow(event, this, &quot;esquentar&quot;); this.style.cursor=&quot;hand&quot;; this.style.textDecoration=&quot;underline&quot;; this.style.borderBottom=&quot;solid&quot;;\" onmouseout=\"hideMaybe(this, &quot;esquentar&quot;); this.style.cursor=&quot;hand&quot;; this.style.textDecoration=&quot;underline&quot;; this.style.borderBottom=&quot;dotted 1px&quot;; \" href=\"http:\/\/www.tribunadabahia.com.br\/news.php?idAtual=51420#\">esquentar<\/a> ainda mais a aproxima\u00e7\u00e3o com o p\u00fablico. Como as agendas de alguns coincidem, postulantes de diferentes partidos devem <a onclick=\"hwClick(&quot;transformar&quot;);return false;\" onmouseover=\"hwShow(event, this, &quot;transformar&quot;); this.style.cursor=&quot;hand&quot;; this.style.textDecoration=&quot;underline&quot;; this.style.borderBottom=&quot;solid&quot;;\" onmouseout=\"hideMaybe(this, &quot;transformar&quot;); this.style.cursor=&quot;hand&quot;; this.style.textDecoration=&quot;underline&quot;; this.style.borderBottom=&quot;dotted 1px&quot;; \" href=\"http:\/\/www.tribunadabahia.com.br\/news.php?idAtual=51420#\">transformar<\/a> as festas em verdadeiros palcos para duelos eleitorais.<\/p>\n<p>\u00a0<!--more--><\/p>\n<p>Em busca de contato com o eleitorado, os candidatos prometem frequentar desde os munic\u00edpios com celebra\u00e7\u00f5es menores at\u00e9 aqueles com arrasta-p\u00e9s mais tradicionais. O governador Jaques Wagner pretende permanecer com os familiares em sua resid\u00eancia em Salvador entre hoje e amanh\u00e3. Mas ainda deve curtir um pouco de forr\u00f3 em redutos de grande tradi\u00e7\u00e3o, a exemplo de Cachoeira e S\u00e3o F\u00e9lix, depois de amanh\u00e3. No Rec\u00f4ncavo, ele ir\u00e1 cumprir o decreto que determina que todos os anos, no dia 25 de junho, a sede do governo seja instalada no munic\u00edpio de Cachoeira.<\/p>\n<p>O primeiro <a onclick=\"hwClick(&quot;compromisso&quot;);return false;\" onmouseover=\"hwShow(event, this, &quot;compromisso&quot;); this.style.cursor=&quot;hand&quot;; this.style.textDecoration=&quot;underline&quot;; this.style.borderBottom=&quot;solid&quot;;\" onmouseout=\"hideMaybe(this, &quot;compromisso&quot;); this.style.cursor=&quot;hand&quot;; this.style.textDecoration=&quot;underline&quot;; this.style.borderBottom=&quot;dotted 1px&quot;; \" href=\"http:\/\/www.tribunadabahia.com.br\/news.php?idAtual=51420#\">compromisso<\/a> do governador na cidade ser\u00e1 uma alvorada \u00e0s 6h. Em seguida, \u00e0s 8h, ele obedece aos ritos de hasteamento dos pavilh\u00f5es, nacional, estadual e municipal. Logo depois, o governador participa do ato de inaugura\u00e7\u00e3o da requalifica\u00e7\u00e3o da orla de S\u00e3o F\u00e9lix. Em Cachoeira, Wagner ainda participa de uma sess\u00e3o solene na C\u00e2mara Municipal e de um desfile c\u00edvico.<\/p>\n<p>O candidato do PMDB, Geddel Vieira Lima, deve cumprir um extenso roteiro de visitas durante os festejos. O ex-ministro permanece hoje com a fam\u00edlia na capital, mas deve partir amanh\u00e3 para desfrutar do arrasta-p\u00e9 em Gandu. No dia 25, ele assiste ao jogo do Brasil em Salvador e retorna ao ciclo de viagens no s\u00e1bado, quando ir\u00e1 passar por Jequi\u00e9, sudoeste baiano, Jaguaquara, Itaquara, Santa In\u00eas, Uba\u00edra e Laje. No domingo, o peemedebista encerra o S\u00e3o Jo\u00e3o na terra das espadas, Cruz das Almas.<\/p>\n<p>O democrata Paulo Souto, que tamb\u00e9m disputa o Governo da Bahia, deve percorrer muitos munic\u00edpios. At\u00e9 ontem, a agenda do candidato confirmava sua passagem pelas cidades de Santo Antonio de Jesus, Valente, Mairi, Paripiranga e Maca\u00fabas.\u00a0 Souto deve viajar entre amanh\u00e3 e s\u00e1bado. O candidato ao governo pelo Partido Verde, Luiz Bassuma, tamb\u00e9m vai curtir a festa junina no interior. O deputado pretende seguir para a regi\u00e3o da Chapada Diamantina, onde ficar\u00e1 na cidade de S\u00e3o Gabriel.<\/p>\n<h2>Governo investe no festejo<\/h2>\n<p>Mais tradicional e importante festa do interior baiano em termos de mobiliza\u00e7\u00e3o, o S\u00e3o Jo\u00e3o de mais de 100 munic\u00edpios da Bahia ter\u00e1 significativa ajuda do governo do estado, que dever\u00e1 investir em torno de R$ 6 milh\u00f5es. Tamb\u00e9m ser\u00e3o disponibilizados recursos via parcerias com institui\u00e7\u00f5es como os bancos do Brasil e do Nordeste e Petrobras.<\/p>\n<p>\u00a0Os investimentos n\u00e3o se limitam ao interior, para onde vai a maioria dos soteropolitanos. Num imenso arraial, que vai da Pra\u00e7a Castro Alves ao Pelourinho, os que ficam em Salvador e os turistas que desembarcam na cidade nesta \u00e9poca do ano podem curtir v\u00e1rias atra\u00e7\u00f5es tradicionais dos festejos juninos.<\/p>\n<p>Entre os munic\u00edpios nos quais o governo Wagner vai investir para incrementar ainda mais o S\u00e3o Jo\u00e3o est\u00e3o alguns j\u00e1 famosos, como Cruz das Almas, Senhor do Bonfim, Amargosa e Cachoeira, e tamb\u00e9m cidades menos conhecidas pela festa, entre as quais Bonito, Barra e Caetit\u00e9.<\/p>\n<p>As Secretarias de Rela\u00e7\u00f5es Institucionais e de Turismo foram as respons\u00e1veis pelo planejamento. Segundo o titular da Serin, Paulo Cezar Lisboa, o S\u00e3o Jo\u00e3o est\u00e1 para o interior assim como o Carnaval est\u00e1 para a capital. \u201cA dimens\u00e3o cultural que a festa tem para o pessoal do interior \u00e9 incr\u00edvel. A religiosidade, a anima\u00e7\u00e3o e os festejos t\u00edpicos em si proporcionam um momento \u00fanico para essas comunidades\u201d, analisou.<\/p>\n<h3>Postulantes a vice e ao Senado comemoram S\u00e3o Jo\u00e3o<\/h3>\n<p>Os candidatos a vice e ao Senado tamb\u00e9m n\u00e3o devem ficar de fora das comemora\u00e7\u00f5es a S\u00e3o Jo\u00e3o. O candidato a vice na chapa do governador, Otto Alencar (PP), deve cumprir um roteiro festivo por v\u00e1rias cidades, como Rui Barbosa, sua terra natal, e Irec\u00ea.<\/p>\n<p>\u00a0Ele pretende passar ainda por Macajuba e Cora\u00e7\u00e3o de Maria. O senador e candidato \u00e0 reelei\u00e7\u00e3o, C\u00e9sar Borges (PR), pretende passar a noite de S\u00e3o Jo\u00e3o em sua cidade natal, Jequi\u00e9. Amanh\u00e3, o republicano deve curtir o forr\u00f3 do munic\u00edpio de Gandu e, no s\u00e1bado, ele participa dos festejos em Laje, Jaguaquara e Uba\u00edra.<\/p>\n<\/div>\n","protected":false},"excerpt":{"rendered":"<p>L\u00edlian Machado\/Tribuna da Bahia \u00a0Em ritmo de S\u00e3o Jo\u00e3o, muitos pol\u00edticos baianos j\u00e1 colocaram o p\u00e9 na estrada e foram atr\u00e1s dos arrasta-p\u00e9s pelo interior do estado. Atr\u00e1s do clima junino que envolve os quatros cantos da Bahia, os principais candidatos ao Pal\u00e1cio de Ondina prometem participar ativamente da festa tipicamente nordestina. Paulo Souto (DEM), Jaques Wagner (PT), Geddel Vieira Lima (PMDB) e Luiz Bassuma (PV) est\u00e3o com a agenda cheia de visitas pelos \u201carrai\u00e1s\u201d espalhados pelos munic\u00edpios. \u00a0\u00a0Da Chapada ao Rec\u00f4ncavo, do Baixo Sul ao Oeste, os postulantes ao governo devem aproveitar o roteiro da fogueira junina para esquentar&#8230;<\/p>\n","protected":false},"author":2,"featured_media":0,"comment_status":"open","ping_status":"open","sticky":false,"template":"","format":"standard","meta":{"footnotes":"","_links_to":"","_links_to_target":""},"categories":[6],"tags":[],"class_list":["post-13863","post","type-post","status-publish","format-standard","hentry","category-noticias"],"acf":[],"views":627,"_links":{"self":[{"href":"https:\/\/www.walcordeiro.com.br\/v1\/wp-json\/wp\/v2\/posts\/13863","targetHints":{"allow":["GET"]}}],"collection":[{"href":"https:\/\/www.walcordeiro.com.br\/v1\/wp-json\/wp\/v2\/posts"}],"about":[{"href":"https:\/\/www.walcordeiro.com.br\/v1\/wp-json\/wp\/v2\/types\/post"}],"author":[{"embeddable":true,"href":"https:\/\/www.walcordeiro.com.br\/v1\/wp-json\/wp\/v2\/users\/2"}],"replies":[{"embeddable":true,"href":"https:\/\/www.walcordeiro.com.br\/v1\/wp-json\/wp\/v2\/comments?post=13863"}],"version-history":[{"count":2,"href":"https:\/\/www.walcordeiro.com.br\/v1\/wp-json\/wp\/v2\/posts\/13863\/revisions"}],"predecessor-version":[{"id":13865,"href":"https:\/\/www.walcordeiro.com.br\/v1\/wp-json\/wp\/v2\/posts\/13863\/revisions\/13865"}],"wp:attachment":[{"href":"https:\/\/www.walcordeiro.com.br\/v1\/wp-json\/wp\/v2\/media?parent=13863"}],"wp:term":[{"taxonomy":"category","embeddable":true,"href":"https:\/\/www.walcordeiro.com.br\/v1\/wp-json\/wp\/v2\/categories?post=13863"},{"taxonomy":"post_tag","embeddable":true,"href":"https:\/\/www.walcordeiro.com.br\/v1\/wp-json\/wp\/v2\/tags?post=13863"}],"curies":[{"name":"wp","href":"https:\/\/api.w.org\/{rel}","templated":true}]}}