{"id":12617,"date":"2010-06-08T07:38:32","date_gmt":"2010-06-08T10:38:32","guid":{"rendered":"http:\/\/www.walcordeiro.com.br\/v1\/?p=12617"},"modified":"2010-06-08T07:38:32","modified_gmt":"2010-06-08T10:38:32","slug":"ex-membro-da-direcao-da-cpad-revela-novas-polemicas-e-os-bastidores-da-%e2%80%9ccrise-na-cgadb%e2%80%9d","status":"publish","type":"post","link":"https:\/\/www.walcordeiro.com.br\/v1\/2010\/06\/08\/ex-membro-da-direcao-da-cpad-revela-novas-polemicas-e-os-bastidores-da-%e2%80%9ccrise-na-cgadb%e2%80%9d\/","title":{"rendered":"Ex-membro da dire\u00e7\u00e3o da CPAD revela novas pol\u00eamicas e os bastidores da \u201ccrise na CGADB\u201d"},"content":{"rendered":"<p><img loading=\"lazy\" decoding=\"async\" src=\"http:\/\/noticias.gospelmais.com.br\/wp-content\/themes\/gnoticias\/scripts\/timthumb.php?src=http:\/\/noticias.gospelmais.com.br\/\/wp-content\/uploads\/2010\/06\/pastor-geremias-couto.jpg&amp;w=150&amp;h=150&amp;zc=1&amp;q=100\" alt=\"Ex-membro da dire\u00e7\u00e3o da CPAD revela novas pol\u00eamicas e os bastidores da \u201ccrise na CGADB\u201d\" width=\"150\" height=\"150\" \/>O pastor e te\u00f3logo Geremias do Couto, respeitado pelos colegas da denomina\u00e7\u00e3o pelo seu zelo teol\u00f3gico e irrepreens\u00edvel \u00e9tica, faz importantes considera\u00e7\u00f5es sobre a atual situa\u00e7\u00e3o da CGADB \u2013 Conven\u00e7\u00e3o Geral das Assembl\u00e9ias de Deus no Brasil, e CPAD \u2013 Casa Publicadora das Assembl\u00e9ias de Deus.<\/p>\n<p>No texto, o pastor comenta ainda o pedido de desligamento do <a title=\"pastor Silas Malafaia\" href=\"http:\/\/noticias.gospelmais.com.br\/programa-do-pastor-silas-malafaia-e-ameacado-pelo-ministerio-da-justica.html\" target=\"_blank\">pastor Silas Malafaia<\/a>, 1\u00ba Vice-Presidente, desligamento do pastor Ant\u00f4nio Silva Santana, 1\u00ba Tesoureiro da Conven\u00e7\u00e3o, a pol\u00eamica envolvendo a <a title=\"B\u00edblia\" href=\"http:\/\/www.gospelmais.com.br\/biblia\">B\u00edblia<\/a> Dake e outros pormenores que fazem \u201cruir a institui\u00e7\u00e3o\u201d:<!--more--><\/p>\n<blockquote><p>Relutei muito em escrever esta postagem. Esperava que as coisas n\u00e3o chegassem ao ponto em que chegaram, no \u00e2mbito da CGADB. Tanto eu quanto outros companheiros nos posicionamos, sempre que nos foi poss\u00edvel, com a expectativa de que a atual gest\u00e3o, eleita em abril de 2009, pusesse ordem na casa, programasse uma celebra\u00e7\u00e3o do Centen\u00e1rio a altura de nossa hist\u00f3ria, apote\u00f3tica, com a inclus\u00e3o da igreja-m\u00e3e, e preparasse uma transi\u00e7\u00e3o pac\u00edfica em 2013. Confesso que estou humanamente decepcionado.<\/p>\n<p>O quadro que se nos apresenta hoje mais parece com o baile da Ilha Fiscal. Para quem n\u00e3o se lembra, foi a \u00faltima grande festa da monarquia brasileira, \u201cconsiderado o mais extraordin\u00e1rio entre todos os bailes promovidos pelo imp\u00e9rio\u201d, que teve lugar nos luxuosos sal\u00f5es do Pal\u00e1cio da Ilha Fiscal, situada na entrada da Ba\u00eda da Guanabara, seis dias antes de ser instaurada a Rep\u00fablica. Segundo dados hist\u00f3ricos, \u201cdan\u00e7ou-se muito no baile da Ilha Fiscal, mas o que os convidados n\u00e3o imaginavam, nem o Imperador Pedro II, \u00e9 que se dan\u00e7ava sobre um vulc\u00e3o\u201d. O resto todos sabem.<\/p>\n<p>A ilustra\u00e7\u00e3o parece forte, mas n\u00e3o vejo outra mais apropriada para o momento. Enquanto um vulc\u00e3o sem propor\u00e7\u00f5es est\u00e1 prestes a explodir sob os nossos p\u00e9s, os nossos l\u00edderes parecem n\u00e3o se dar conta disso e deixam a impress\u00e3o de que agem como se nada estivesse acontecendo. Paira no ar a no\u00e7\u00e3o que o seu interesse \u00e9 manter o \u201cstatus quo\u201d, custe o que custar, aparentar uma situa\u00e7\u00e3o sob controle, em que o Titanic parece navegar em \u00e1guas tranquilas, quando, de fato, h\u00e1 n\u00e3o s\u00f3 um imenso iceberg adiante, mas tamb\u00e9m uma insatisfa\u00e7\u00e3o que se alastra a olhos vistos entre os convencionais pelo descalabro em que se encontra a nossa institui\u00e7\u00e3o. N\u00e3o me lembro, em toda a minha hist\u00f3ria de minist\u00e9rio, de uma crise t\u00e3o s\u00e9ria como a que experimentamos. Mas os nossos l\u00edderes parecem viver como se estivessem em c\u00e9u de brigadeiro.<\/p>\n<p>Veja em que est\u00e1gio se encontra o vulc\u00e3o, enquanto o \u201cbaile\u201d prossegue aparentemente sem qualquer percep\u00e7\u00e3o da realidade que cerca a nossa institui\u00e7\u00e3o.<\/p>\n<p>Primeiro foram duas demiss\u00f5es at\u00e9 hoje n\u00e3o esclarecidas de dois funcion\u00e1rios de confian\u00e7a da CPAD antes da Assembleia Geral Ordin\u00e1ria de abril de 2009. Refiro-me ao Gerente Administrativo e Financeiro da Editora, Walter Alves de Azevedo, homem \u00edntegro e de ilibada reputa\u00e7\u00e3o, que, ao voltar de f\u00e9rias, quase n\u00e3o p\u00f4de entrar em sua sala, pois a fechadura da porta fora trocada antes de sua chegada, como se tratasse de um marginal. Foi substitu\u00eddo por algu\u00e9m que, segundo me consta, tem la\u00e7os de parentesco com a esposa do diretor executivo. A segunda demiss\u00e3o foi a do jornalista Antonio Mesquita, Gerente de Jornalismo da CPAD, que desfrutava de prest\u00edgio junto \u00e0 dire\u00e7\u00e3o da CPAD, sendo tamb\u00e9m homem de grande car\u00e1ter.<\/p>\n<p>Sei que demiss\u00f5es s\u00e3o normais em qualquer empresa. Uns chegam, outros v\u00e3o. Todavia, nos casos acima me faz lembrar a recente postagem do pastor Carlos Roberto em seu blog sob o t\u00edtulo: \u201cSanta\u201d queima de arquivo. Acredito que em qualquer auditoria independente que se fa\u00e7a sobre a CGADB\/CPAD estes deveriam estar na lista como os primeiros a serem ouvidos. Quest\u00e3o de bom senso.<\/p>\n<p>Depois veio a pr\u00f3pria Assembleia Geral Ordin\u00e1ria de abril de 2009 em que o relat\u00f3rio financeiro da CGADB foi aprovado com ressalvas, ap\u00f3s imensa batalha em plen\u00e1rio capitaneada pelo <a title=\"pastor Silas\" href=\"http:\/\/noticias.gospelmais.com.br\/programa-do-pastor-silas-malafaia-e-ameacado-pelo-ministerio-da-justica.html\">pastor Silas<\/a> Malafaia. Cheguei o ouvir de um defensor do relat\u00f3rio que o fazia para preservar a CPAD. Creio que o pastor Silas tenha concordado com a aprova\u00e7\u00e3o, sob restri\u00e7\u00f5es, na esperan\u00e7a de que os rumos fossem corrigidos. Mas o que os fatos parecem demonstrar \u00e9 que ao inv\u00e9s disso a coisa degringolou de vez.<\/p>\n<p>Nos meses recentes teve o imbr\u00f3glio Dake que at\u00e9 hoje continua sob impasse em que pese duas resolu\u00e7\u00f5es determinativas do CD e da CA proibindo a publica\u00e7\u00e3o e a venda da obra sem que a editora tenha obedecido aos seus termos. Soube-se depois que a Mesa Diretora da CGADB, em reuni\u00e3o durante as comemora\u00e7\u00f5es dos 70 anos da CPAD, se teria pronunciado em favor de uma revis\u00e3o com o acompanhamento de ambos os \u00f3rg\u00e3os para \u201cescoimar\u201d os resqu\u00edcios que ficaram. Mas nem isso, ao que eu saiba, aconteceu. Assim, enquanto os \u00f3rg\u00e3os da CGADB caem em descr\u00e9dito, a CPAD parece dispor de uma for\u00e7a que ultrapassa o poder da CGADB, a sua propriet\u00e1ria. Qual seria a raz\u00e3o?<\/p>\n<p>N\u00e3o demorou muito e veio n\u00e3o s\u00f3 a ren\u00fancia do pastor <a title=\"Silas Malafaia\" href=\"http:\/\/noticias.gospelmais.com.br\/silas-malafaia-compra-em-dolar-um-aviao-mais-caro-que-o-de-r-r-soares-e-samuel-camara-juntos.html\" target=\"_blank\">Silas Malafaia<\/a> \u00e0 primeira vice-presid\u00eancia da CGADB, mas o pr\u00f3prio desligamento da entidade. Apesar de ser seu amigo, tenho veemente discord\u00e2ncia da teologia que hoje esposa e n\u00e3o compactuo uma filigrana sequer com as campanhas de Mike Murdock e Morris Cerullo levadas a cabo em seu programa. Como ent\u00e3o diretor de publica\u00e7\u00f5es da editora, isso fica claro em minha decis\u00e3o de lan\u00e7ar o <a title=\"livro\" href=\"http:\/\/livros.gospelmais.com.br\/\">livro<\/a> Cristianismo em Crise pela CPAD, que condena tais pr\u00e1ticas. Mas tenho de concordar com os motivos alegados para a decis\u00e3o que tomou, segundo ele \u201cde arrepiar os cabelos\u201d, pois, em sendo verdade, refletem o descalabro de nossa institui\u00e7\u00e3o.<\/p>\n<p>Agora somos apanhados por outra ren\u00fancia. O pastor Antonio Silva Santana, 1\u00b0 tesoureiro da CGADB, homem cuja reputa\u00e7\u00e3o ningu\u00e9m discute, tamb\u00e9m abriu m\u00e3o do cargo. Nesta segunda-feira, dia 31 de maio, protocolou carta na secretaria-geral da CGADB (j\u00e1 amplamente divulgada na internet como a do pastor Silas Malafaia) onde pinta com cores ainda mais fortes do que o pastor Silas Malafaia as raz\u00f5es para a sua decis\u00e3o. O que se l\u00ea em ambos os documentos e em emails que nos chegam me levam a uma \u00fanica conclus\u00e3o: como est\u00e1 n\u00e3o pode ficar. Ou a mesa diretora da CGADB assume o controle da situa\u00e7\u00e3o, promove uma auditoria independente, rearruma a estrutura <a onclick=\"hwClick0155653(undefined);return false;\" onmouseover=\"hw0155653(event, this, 'undefined'); this.style.cursor='hand'; this.style.textDecoration='underline'; this.style.borderBottom='solid';\" onmouseout=\"hideMaybe('HOTWordsTitle'); this.style.cursor='hand'; this.style.textDecoration='underline'; this.style.borderBottom='dotted 1px'; \" href=\"#\">administrativa<\/a> da CGADB\/CPAD e permite que em setembro a elei\u00e7\u00e3o do cargo vago de 1\u00b0 vice-presidente seja democr\u00e1tica ou teremos demandas judiciais extremamente danosas pela frente, que poder\u00e1 resultar no esfacelamento total de nossa j\u00e1 combalida CGADB.<\/p>\n<p>Mas se os nossos l\u00edderes preferirem continuar repetindo o mesmo frenesi do baile da Ilha Fiscal, como se tudo fosse uma festa, saibam que est\u00e3o celebrando um centen\u00e1rio desenxabido, em que a <a onclick=\"hwClick1155653(undefined);return false;\" onmouseover=\"hw1155653(event, this, 'undefined'); this.style.cursor='hand'; this.style.textDecoration='underline'; this.style.borderBottom='solid';\" onmouseout=\"hideMaybe('HOTWordsTitle'); this.style.cursor='hand'; this.style.textDecoration='underline'; this.style.borderBottom='dotted 1px'; \" href=\"#\">igreja<\/a>-m\u00e3e \u00e9 exclu\u00edda da programa\u00e7\u00e3o, a lideran\u00e7a est\u00e1 fragmentada e o dia seguinte pode ser de profunda tristeza para uma denomina\u00e7\u00e3o que n\u00e3o merecia estar passando por essa vergonha inomin\u00e1vel.<\/p>\n<p>Algu\u00e9m poder\u00e1 criticar-me por tratar do assunto no blog. Mas saiba que, al\u00e9m de n\u00e3o trazer nenhum ponto espec\u00edfico do que circula \u00e0 boca pequena, em respeito aos colegas convencionais, fa\u00e7o apenas refletir o que, infelizmente, j\u00e1 est\u00e1 espalhado por toda a m\u00eddia, sobretudo na internet. H\u00e1 algum mal nisso? \u00c9 poss\u00edvel. No entanto, pode ser tamb\u00e9m a forma que Deus esteja usando para tratar conosco, enquanto l\u00edderes que queremos seguir o nosso pr\u00f3prio caminho, n\u00e3o o dEle.<\/p>\n<p>Que o Senhor tenha miseric\u00f3rdia de n\u00f3s!\u201d<\/p><\/blockquote>\n<p>Fonte: Guia-me \/ <a href=\"http:\/\/gospelmais.com.br\/\" target=\"_blank\">Gospel+<\/a><\/p>\n","protected":false},"excerpt":{"rendered":"<p>O pastor e te\u00f3logo Geremias do Couto, respeitado pelos colegas da denomina\u00e7\u00e3o pelo seu zelo teol\u00f3gico e irrepreens\u00edvel \u00e9tica, faz importantes considera\u00e7\u00f5es sobre a atual situa\u00e7\u00e3o da CGADB \u2013 Conven\u00e7\u00e3o Geral das Assembl\u00e9ias de Deus no Brasil, e CPAD \u2013 Casa Publicadora das Assembl\u00e9ias de Deus. No texto, o pastor comenta ainda o pedido de desligamento do pastor Silas Malafaia, 1\u00ba Vice-Presidente, desligamento do pastor Ant\u00f4nio Silva Santana, 1\u00ba Tesoureiro da Conven\u00e7\u00e3o, a pol\u00eamica envolvendo a B\u00edblia Dake e outros pormenores que fazem \u201cruir a institui\u00e7\u00e3o\u201d:<\/p>\n","protected":false},"author":2,"featured_media":0,"comment_status":"open","ping_status":"open","sticky":false,"template":"","format":"standard","meta":{"footnotes":"","_links_to":"","_links_to_target":""},"categories":[6],"tags":[2009,3303,835,1533,3001,2010,2011,2012,2013,2014,2015,2016,2017,2018,2019,2020,2021,2022,2023,2024,2025,2026,2027,3304,3305,3306,3307,2028,2029,2030,2031,2032],"class_list":["post-12617","post","type-post","status-publish","format-standard","hentry","category-noticias","tag-associacao-vitoria-em-cristo","tag-aviao-de-pastor","tag-blog","tag-dinheiro","tag-igreja-assembleia-de-deus","tag-lei-anti-homofobia","tag-mordaca-gay","tag-pastor-silas","tag-pastor-silas-malafaia","tag-pastor-silas-na-tv","tag-pl-122","tag-pl-12206","tag-pl-1222006","tag-pl122","tag-pl12206","tag-pl1222006","tag-plc-122","tag-plc122","tag-pr-silas-malafaia","tag-pr-silas-malafia","tag-programa-do-ratinho","tag-programa-pastor-silas-malafaia","tag-programa-vitoria-em-cristo","tag-prosperidade","tag-r900-silas-malafaia","tag-r-r-soares","tag-samuel-camara","tag-silas-malafaia","tag-silas-malafaia-na-tv","tag-silas-malafaia-no-programa-do-ratinho","tag-silas-malafaia-sobre-pl-122","tag-vitoria-em-cristo"],"acf":[],"views":4319,"_links":{"self":[{"href":"https:\/\/www.walcordeiro.com.br\/v1\/wp-json\/wp\/v2\/posts\/12617","targetHints":{"allow":["GET"]}}],"collection":[{"href":"https:\/\/www.walcordeiro.com.br\/v1\/wp-json\/wp\/v2\/posts"}],"about":[{"href":"https:\/\/www.walcordeiro.com.br\/v1\/wp-json\/wp\/v2\/types\/post"}],"author":[{"embeddable":true,"href":"https:\/\/www.walcordeiro.com.br\/v1\/wp-json\/wp\/v2\/users\/2"}],"replies":[{"embeddable":true,"href":"https:\/\/www.walcordeiro.com.br\/v1\/wp-json\/wp\/v2\/comments?post=12617"}],"version-history":[{"count":1,"href":"https:\/\/www.walcordeiro.com.br\/v1\/wp-json\/wp\/v2\/posts\/12617\/revisions"}],"predecessor-version":[{"id":12618,"href":"https:\/\/www.walcordeiro.com.br\/v1\/wp-json\/wp\/v2\/posts\/12617\/revisions\/12618"}],"wp:attachment":[{"href":"https:\/\/www.walcordeiro.com.br\/v1\/wp-json\/wp\/v2\/media?parent=12617"}],"wp:term":[{"taxonomy":"category","embeddable":true,"href":"https:\/\/www.walcordeiro.com.br\/v1\/wp-json\/wp\/v2\/categories?post=12617"},{"taxonomy":"post_tag","embeddable":true,"href":"https:\/\/www.walcordeiro.com.br\/v1\/wp-json\/wp\/v2\/tags?post=12617"}],"curies":[{"name":"wp","href":"https:\/\/api.w.org\/{rel}","templated":true}]}}