{"id":11507,"date":"2010-05-27T14:11:45","date_gmt":"2010-05-27T17:11:45","guid":{"rendered":"http:\/\/www.walcordeiro.com.br\/v1\/?p=11507"},"modified":"2010-05-27T14:11:45","modified_gmt":"2010-05-27T17:11:45","slug":"biogas-e-alcool-podem-ser-boas-fontes-de-energia-para-carro-eletrico-brasileiro","status":"publish","type":"post","link":"https:\/\/www.walcordeiro.com.br\/v1\/2010\/05\/27\/biogas-e-alcool-podem-ser-boas-fontes-de-energia-para-carro-eletrico-brasileiro\/","title":{"rendered":"Biog\u00e1s e \u00e1lcool podem ser boas fontes de energia para carro el\u00e9trico brasileiro"},"content":{"rendered":"<p><strong>Carolina Pimentel<\/strong><\/p>\n<p><strong><em>da Ag\u00eancia Brasil<\/em><br \/>\n<\/strong><br \/>\nBras\u00edlia \u2013 O presidente da Comiss\u00e3o de Assuntos de Energia e Meio Ambiente da Associa\u00e7\u00e3o Nacional de Fabricantes de Ve\u00edculos Automotores (Anfavea), Henry Joseph, disse hoje (26) que biocombust\u00edveis como o etanol e o biog\u00e1s est\u00e3o sendo analisados como fontes para gera\u00e7\u00e3o de energia de um futuro motor el\u00e9trico. Ao participar da 4\u00aa Confer\u00eancia Nacional de Ci\u00eancia, Tecnologia e Inova\u00e7\u00e3o, Joseph disse que o desafio \u00e9 fazer com que o motor el\u00e9trico gere a pr\u00f3pria energia que ir\u00e1 consumir.<\/p>\n<p>\u00a0O \u00e1lcool combust\u00edvel e o biog\u00e1s s\u00e3o poss\u00edveis fontes, segundo ele, por terem grande quantidade de hidrog\u00eanio, capaz de gerar energia el\u00e9trica. \u201cO ideal \u00e9 gerar energia el\u00e9trica junto com a movimenta\u00e7\u00e3o do ve\u00edculo, ou seja, o carro vai andando e produzindo energia. Tanto o etanol quanto o biog\u00e1s s\u00e3o produtos com grande quantidade de hidrog\u00eanio, que \u00e9 o que se procura quando se quer gerar energia el\u00e9trica atrav\u00e9s de c\u00e9lulas de combust\u00edvel\u201d, explicou.<\/p>\n<p>\u00a0<!--more--><\/p>\n<p>Joseph disse que h\u00e1 viabilidade t\u00e9cnica no aproveitamento do etanol e do biog\u00e1s porque quando o hidrog\u00eanio passa por uma c\u00e9lula gera energia el\u00e9trica. Ele defendeu que seja articulado um centro que re\u00fana as frentes de trabalho sobre o motor el\u00e9trico e as pesquisas desenvolvidas nas universidades e na ind\u00fastria \u2013 uma forma, segundo ele, de concentrar financiamento e conhecimento.<\/p>\n<p>Ontem (25), o governo iria anunciar uma pol\u00edtica de incentivo para a produ\u00e7\u00e3o do carro el\u00e9trico brasileiro. Mas, depois de convocar empres\u00e1rios e t\u00e9cnicos, o Minist\u00e9rio da Fazenda cancelou o evento. A justificativa \u00e9 que o presidente Luiz In\u00e1cio Lula da Silva quis conhecer melhor o projeto antes do an\u00fancio de qualquer pol\u00edtica de investimento na tecnologia.<\/p>\n<p><em>Edi\u00e7\u00e3o: Lana Cristina<\/em><\/p>\n","protected":false},"excerpt":{"rendered":"<p>Carolina Pimentel da Ag\u00eancia Brasil Bras\u00edlia \u2013 O presidente da Comiss\u00e3o de Assuntos de Energia e Meio Ambiente da Associa\u00e7\u00e3o Nacional de Fabricantes de Ve\u00edculos Automotores (Anfavea), Henry Joseph, disse hoje (26) que biocombust\u00edveis como o etanol e o biog\u00e1s est\u00e3o sendo analisados como fontes para gera\u00e7\u00e3o de energia de um futuro motor el\u00e9trico. Ao participar da 4\u00aa Confer\u00eancia Nacional de Ci\u00eancia, Tecnologia e Inova\u00e7\u00e3o, Joseph disse que o desafio \u00e9 fazer com que o motor el\u00e9trico gere a pr\u00f3pria energia que ir\u00e1 consumir. \u00a0O \u00e1lcool combust\u00edvel e o biog\u00e1s s\u00e3o poss\u00edveis fontes, segundo ele, por terem grande quantidade de&#8230;<\/p>\n","protected":false},"author":2,"featured_media":0,"comment_status":"open","ping_status":"open","sticky":false,"template":"","format":"standard","meta":{"footnotes":"","_links_to":"","_links_to_target":""},"categories":[6],"tags":[],"class_list":["post-11507","post","type-post","status-publish","format-standard","hentry","category-noticias"],"acf":[],"views":617,"_links":{"self":[{"href":"https:\/\/www.walcordeiro.com.br\/v1\/wp-json\/wp\/v2\/posts\/11507","targetHints":{"allow":["GET"]}}],"collection":[{"href":"https:\/\/www.walcordeiro.com.br\/v1\/wp-json\/wp\/v2\/posts"}],"about":[{"href":"https:\/\/www.walcordeiro.com.br\/v1\/wp-json\/wp\/v2\/types\/post"}],"author":[{"embeddable":true,"href":"https:\/\/www.walcordeiro.com.br\/v1\/wp-json\/wp\/v2\/users\/2"}],"replies":[{"embeddable":true,"href":"https:\/\/www.walcordeiro.com.br\/v1\/wp-json\/wp\/v2\/comments?post=11507"}],"version-history":[{"count":1,"href":"https:\/\/www.walcordeiro.com.br\/v1\/wp-json\/wp\/v2\/posts\/11507\/revisions"}],"predecessor-version":[{"id":11508,"href":"https:\/\/www.walcordeiro.com.br\/v1\/wp-json\/wp\/v2\/posts\/11507\/revisions\/11508"}],"wp:attachment":[{"href":"https:\/\/www.walcordeiro.com.br\/v1\/wp-json\/wp\/v2\/media?parent=11507"}],"wp:term":[{"taxonomy":"category","embeddable":true,"href":"https:\/\/www.walcordeiro.com.br\/v1\/wp-json\/wp\/v2\/categories?post=11507"},{"taxonomy":"post_tag","embeddable":true,"href":"https:\/\/www.walcordeiro.com.br\/v1\/wp-json\/wp\/v2\/tags?post=11507"}],"curies":[{"name":"wp","href":"https:\/\/api.w.org\/{rel}","templated":true}]}}