{"id":11470,"date":"2010-05-27T11:19:32","date_gmt":"2010-05-27T14:19:32","guid":{"rendered":"http:\/\/www.walcordeiro.com.br\/v1\/?p=11470"},"modified":"2010-05-27T11:19:32","modified_gmt":"2010-05-27T14:19:32","slug":"apos-pedir-trizimo-apostolo-valdemiro-santiago-pode-estar-comprando-aviao-de-48-milhoes-de-dolares","status":"publish","type":"post","link":"https:\/\/www.walcordeiro.com.br\/v1\/2010\/05\/27\/apos-pedir-trizimo-apostolo-valdemiro-santiago-pode-estar-comprando-aviao-de-48-milhoes-de-dolares\/","title":{"rendered":"Ap\u00f3s pedir tr\u00edzimo, Ap\u00f3stolo Valdemiro Santiago pode estar comprando avi\u00e3o de 48 milh\u00f5es de d\u00f3lares"},"content":{"rendered":"<p><img loading=\"lazy\" decoding=\"async\" class=\"alignright\" title=\"valdemiro\" src=\"http:\/\/noticias.gospelmais.com.br\/wp-content\/themes\/gnoticias\/scripts\/timthumb.php?src=http:\/\/noticias.gospelmais.com.br\/\/wp-content\/uploads\/2010\/03\/valdomiro-santiago.jpg&amp;w=150&amp;h=150&amp;zc=1&amp;q=100\" alt=\"\" width=\"150\" height=\"150\" \/>A revista Veja informou que o <a onclick=\"hwClick0707395(undefined);return false;\" onmouseover=\"hw0707395(event, this, 'undefined'); this.style.cursor='hand'; this.style.textDecoration='underline'; this.style.borderBottom='solid';\" onmouseout=\"hideMaybe('HOTWordsTitle'); this.style.cursor='hand'; this.style.textDecoration='underline'; this.style.borderBottom='dotted 1px'; \" href=\"#\">ap\u00f3stolo<\/a> <a title=\"Valdemiro Santiago\" href=\"http:\/\/noticias.gospelmais.com.br\/valdemiro-santiago-da-igreja-mundial-em-seu-programa-tem-superado-tv-band-segundo-ibope.html\">Valdemiro Santiago<\/a> da <a title=\"Igreja Mundial do Poder de Deus\" href=\"http:\/\/noticias.gospelmais.com.br\/igreja-mundial-do-poder-de-deus-pastor-agredido-por-colega-e-expulso-da-igreja-e-agora-quer-indenizacao-de-r1-milhao.html\">Igreja Mundial do Poder de Deus<\/a> est\u00e1 negociando a compra de um avi\u00e3o id\u00eantico ao do seu ex-l\u00edder <a title=\"Bispo Edir Macedo\" href=\"http:\/\/noticias.gospelmais.com.br\/justica-nega-pedido-de-edir-macedo-para-retirar-videos-do-youtube.html\">Bispo Edir Macedo<\/a> da <a title=\"Igreja Universal do Reino de Deus\" href=\"http:\/\/noticias.gospelmais.com.br\/megatemplo-da-igreja-universal-reino-de-deus-deve-ser-inaugurado-em-40-dias.html\">Igreja Universal do Reino de Deus<\/a>.<\/p>\n<p>O jato bimotor Global Express, est\u00e1 avaliado em US$ 48 milh\u00f5es de d\u00f3lares. Recentemente Valdemiro pediu aos membros que entregassem o \u201ctr\u00edzimo\u201d, ou seja, 30% dos rendimentos mensais (10% para o Pai, 10% para o Filho e 10% para o Espirito Santo). A <a onclick=\"hwClick1707395(undefined);return false;\" onmouseover=\"hw1707395(event, this, 'undefined'); this.style.cursor='hand'; this.style.textDecoration='underline'; this.style.borderBottom='solid';\" onmouseout=\"hideMaybe('HOTWordsTitle'); this.style.cursor='hand'; this.style.textDecoration='underline'; this.style.borderBottom='dotted 1px'; \" href=\"#\">revista<\/a> afirma que Santiago \u00e9 dono de um jatinho e um helic\u00f3ptero, comprados h\u00e1 menos de um ano.<!--more--><\/p>\n<p>Al\u00e9m de <a title=\"Edir Macedo\" href=\"http:\/\/noticias.gospelmais.com.br\/justica-nega-pedido-de-edir-macedo-para-retirar-videos-do-youtube.html\">Edir Macedo<\/a> e Valdemiro, outros l\u00edderes famosos que adquiriram avi\u00f5es s\u00e3o o <a title=\"Mission\u00e1rio R. R. Soares\" href=\"http:\/\/noticias.gospelmais.com.br\/r-r-soares-igreja-internacional-da-graca-de-deus-graca-filmes.html\">Mission\u00e1rio R. R. Soares<\/a> e Silas Malaf\u00e1ia.<\/p>\n<p>Fonte: Veja \/ <a href=\"http:\/\/gospelmais.com.br\/\" target=\"_blank\">Gospel+<\/a><\/p>\n","protected":false},"excerpt":{"rendered":"<p>A revista Veja informou que o ap\u00f3stolo Valdemiro Santiago da Igreja Mundial do Poder de Deus est\u00e1 negociando a compra de um avi\u00e3o id\u00eantico ao do seu ex-l\u00edder Bispo Edir Macedo da Igreja Universal do Reino de Deus. O jato bimotor Global Express, est\u00e1 avaliado em US$ 48 milh\u00f5es de d\u00f3lares. Recentemente Valdemiro pediu aos membros que entregassem o \u201ctr\u00edzimo\u201d, ou seja, 30% dos rendimentos mensais (10% para o Pai, 10% para o Filho e 10% para o Espirito Santo). A revista afirma que Santiago \u00e9 dono de um jatinho e um helic\u00f3ptero, comprados h\u00e1 menos de um ano.<\/p>\n","protected":false},"author":2,"featured_media":0,"comment_status":"open","ping_status":"open","sticky":false,"template":"","format":"standard","meta":{"footnotes":"","_links_to":"","_links_to_target":""},"categories":[6],"tags":[1938,1939,3317,1940,3318,3319,3320,3321,3322,3323,3324,3325,3326,1941,3327,3328,3329,3330,3331,1942,3332,3333,3334,3335,1943,3336,3337,3338,3339,3340,2419,2970,3341,3342,3343,3344,3345,1944,3346,1945,3347,3348,3349,3350,3351,1946,1947,3352,3353,3354,3355,3356,1948,1949,1950,3357,3358,3359,3360,3361,3362,3366,1951,3367,3368,3369,3370,1952,3371,3372],"class_list":["post-11470","post","type-post","status-publish","format-standard","hentry","category-noticias","tag-advogado-da-igreja-mundial","tag-ap-valdemiro-santiago","tag-apostol-santiago","tag-apostolo-valdemiro-santiago","tag-apostolo-valdomiro","tag-apostolo-valdomiro-santiago","tag-banda-igreja-mundial","tag-bispo-edir-macedo","tag-bispo-santiago","tag-bispo-valdemiro","tag-bispo-valdemiro-santiago","tag-bispo-valdomiro","tag-cd-valdemiro-santiago","tag-doutrina-igreja-mundial","tag-edir-macedo","tag-fe-mundial","tag-igreja-do-poder-mundial","tag-igreja-impd","tag-igreja-mudial","tag-igreja-mundial","tag-igreja-mundial-de-deus","tag-igreja-mundial-de-poder-de-deus","tag-igreja-mundial-do","tag-igreja-mundial-do-brasil","tag-igreja-mundial-do-poder-de-deus","tag-igreja-mundial-do-reino-de-deus","tag-igreja-mundial-poder","tag-igreja-mundial-poder-de-deus","tag-igreja-mundial-poder-deus","tag-igreja-poder","tag-igreja-universal","tag-igreja-universal-do-reino-de-deus","tag-igrejas-mundial","tag-impd","tag-impd-mundial","tag-impd-valdemiro-santiago","tag-impd-valdomiro-santiago","tag-jornal-nacional","tag-macedo","tag-mentiras-da-igreja-mundial","tag-milagres-igreja-mundial","tag-mundial-igreja-do-poder-de-deus","tag-musica-igreja-mundial","tag-musicas-da-igreja-mundial","tag-musicas-igreja-mundial","tag-oracao-valdemiro-santiago","tag-pastor-da-igreja-mundial","tag-pastor-igreja-mundial","tag-pastor-valdemiro","tag-pastor-valdemiro-santiago","tag-pastor-valdomiro","tag-pastor-valdomiro-santiago","tag-pastores-da-igreja","tag-pastores-da-igreja-mundial-presos-com-fuzil","tag-pastores-presos","tag-poder-mundial","tag-santo-santiago","tag-site-igreja-mundial","tag-soldado-ferido-valdemiro-santiago","tag-testemunho-valdemiro-santiago","tag-testemunho-valdomiro-santiago","tag-universal","tag-valdemiro-santiago","tag-valdomiro","tag-valdomiro-igreja-mundial","tag-valdomiro-santiago","tag-valdomiro-santiago-igreja-mundial","tag-video-igreja-mundial-jornal-nacional","tag-waldemiro-santiago","tag-waldomiro-santiago"],"acf":[],"views":11356,"_links":{"self":[{"href":"https:\/\/www.walcordeiro.com.br\/v1\/wp-json\/wp\/v2\/posts\/11470","targetHints":{"allow":["GET"]}}],"collection":[{"href":"https:\/\/www.walcordeiro.com.br\/v1\/wp-json\/wp\/v2\/posts"}],"about":[{"href":"https:\/\/www.walcordeiro.com.br\/v1\/wp-json\/wp\/v2\/types\/post"}],"author":[{"embeddable":true,"href":"https:\/\/www.walcordeiro.com.br\/v1\/wp-json\/wp\/v2\/users\/2"}],"replies":[{"embeddable":true,"href":"https:\/\/www.walcordeiro.com.br\/v1\/wp-json\/wp\/v2\/comments?post=11470"}],"version-history":[{"count":1,"href":"https:\/\/www.walcordeiro.com.br\/v1\/wp-json\/wp\/v2\/posts\/11470\/revisions"}],"predecessor-version":[{"id":11471,"href":"https:\/\/www.walcordeiro.com.br\/v1\/wp-json\/wp\/v2\/posts\/11470\/revisions\/11471"}],"wp:attachment":[{"href":"https:\/\/www.walcordeiro.com.br\/v1\/wp-json\/wp\/v2\/media?parent=11470"}],"wp:term":[{"taxonomy":"category","embeddable":true,"href":"https:\/\/www.walcordeiro.com.br\/v1\/wp-json\/wp\/v2\/categories?post=11470"},{"taxonomy":"post_tag","embeddable":true,"href":"https:\/\/www.walcordeiro.com.br\/v1\/wp-json\/wp\/v2\/tags?post=11470"}],"curies":[{"name":"wp","href":"https:\/\/api.w.org\/{rel}","templated":true}]}}