{"id":11368,"date":"2010-05-26T14:24:51","date_gmt":"2010-05-26T17:24:51","guid":{"rendered":"http:\/\/www.walcordeiro.com.br\/v1\/?p=11368"},"modified":"2010-05-26T14:24:51","modified_gmt":"2010-05-26T17:24:51","slug":"policia-investiga-se-menina-de-11-anos-gravida-de-gemeos-sofreu-abuso-do-padrasto-em-mg","status":"publish","type":"post","link":"https:\/\/www.walcordeiro.com.br\/v1\/2010\/05\/26\/policia-investiga-se-menina-de-11-anos-gravida-de-gemeos-sofreu-abuso-do-padrasto-em-mg\/","title":{"rendered":"Pol\u00edcia investiga se menina de 11 anos gr\u00e1vida de g\u00eameos sofreu abuso do padrasto em MG"},"content":{"rendered":"<p><em><strong>da Folha<\/strong><\/em><\/p>\n<p>Uma menina de 11 anos, gr\u00e1vida de g\u00eameos h\u00e1 sete meses e traumatizada, pode ter sido engravidada pelo padrasto, que est\u00e1 desaparecido. A menina est\u00e1 sendo acompanhada pelo Conselho Tutelar de Santa Luzia, cidade da regi\u00e3o metropolitana de Belo Horizonte, h\u00e1 dois meses.<\/p>\n<p>Apesar da gravidez e do desaparecimento do padrasto, a fam\u00edlia n\u00e3o fez ocorr\u00eancia policial nem sequer havia feito exames na crian\u00e7a. Foi uma den\u00fancia an\u00f4nima de abuso sexual que levou o Conselho Tutelar entrar no caso e agir.<\/p>\n<p>Ap\u00f3s a confirma\u00e7\u00e3o da gravidez, o Minist\u00e9rio P\u00fablico foi acionado e a guarda da crian\u00e7a foi dada a um tio da menina, porque a conselheira tutelar Aurete Alc\u00e2ntara Ribeiro considerou que houve neglig\u00eancia por parte da m\u00e3e da crian\u00e7a.<!--more--><\/p>\n<p>As suspeitas recaem sobre o padrasto, de 33 anos, porque ele est\u00e1 desaparecido. A menina n\u00e3o comenta com ningu\u00e9m quem a engravidou. Quando perguntada, ela chora. Desde segunda-feira a crian\u00e7a est\u00e1 internada em um hospital da zona norte de Belo Horizonte.<\/p>\n<p>&#8220;Nos preocupa a sa\u00fade e a seguran\u00e7a dela. Ela est\u00e1 fragilizada, n\u00e3o consegue falar sobre o assunto. N\u00e3o sabermos se houve hist\u00f3rico anterior de abuso sexual&#8221;, disse a conselheira.<\/p>\n<p>A pol\u00edcia abriu inqu\u00e9rito e procura pelo padrasto, que pode ter voltado para o interior da Bahia.<\/p>\n","protected":false},"excerpt":{"rendered":"<p>da Folha Uma menina de 11 anos, gr\u00e1vida de g\u00eameos h\u00e1 sete meses e traumatizada, pode ter sido engravidada pelo padrasto, que est\u00e1 desaparecido. A menina est\u00e1 sendo acompanhada pelo Conselho Tutelar de Santa Luzia, cidade da regi\u00e3o metropolitana de Belo Horizonte, h\u00e1 dois meses. Apesar da gravidez e do desaparecimento do padrasto, a fam\u00edlia n\u00e3o fez ocorr\u00eancia policial nem sequer havia feito exames na crian\u00e7a. Foi uma den\u00fancia an\u00f4nima de abuso sexual que levou o Conselho Tutelar entrar no caso e agir. Ap\u00f3s a confirma\u00e7\u00e3o da gravidez, o Minist\u00e9rio P\u00fablico foi acionado e a guarda da crian\u00e7a foi dada&#8230;<\/p>\n","protected":false},"author":2,"featured_media":0,"comment_status":"open","ping_status":"open","sticky":false,"template":"","format":"standard","meta":{"footnotes":"","_links_to":"","_links_to_target":""},"categories":[6],"tags":[850,522,280,117],"class_list":["post-11368","post","type-post","status-publish","format-standard","hentry","category-noticias","tag-abuso-sexual","tag-bh","tag-minas-gerais","tag-policia"],"acf":[],"views":840,"_links":{"self":[{"href":"https:\/\/www.walcordeiro.com.br\/v1\/wp-json\/wp\/v2\/posts\/11368","targetHints":{"allow":["GET"]}}],"collection":[{"href":"https:\/\/www.walcordeiro.com.br\/v1\/wp-json\/wp\/v2\/posts"}],"about":[{"href":"https:\/\/www.walcordeiro.com.br\/v1\/wp-json\/wp\/v2\/types\/post"}],"author":[{"embeddable":true,"href":"https:\/\/www.walcordeiro.com.br\/v1\/wp-json\/wp\/v2\/users\/2"}],"replies":[{"embeddable":true,"href":"https:\/\/www.walcordeiro.com.br\/v1\/wp-json\/wp\/v2\/comments?post=11368"}],"version-history":[{"count":1,"href":"https:\/\/www.walcordeiro.com.br\/v1\/wp-json\/wp\/v2\/posts\/11368\/revisions"}],"predecessor-version":[{"id":11369,"href":"https:\/\/www.walcordeiro.com.br\/v1\/wp-json\/wp\/v2\/posts\/11368\/revisions\/11369"}],"wp:attachment":[{"href":"https:\/\/www.walcordeiro.com.br\/v1\/wp-json\/wp\/v2\/media?parent=11368"}],"wp:term":[{"taxonomy":"category","embeddable":true,"href":"https:\/\/www.walcordeiro.com.br\/v1\/wp-json\/wp\/v2\/categories?post=11368"},{"taxonomy":"post_tag","embeddable":true,"href":"https:\/\/www.walcordeiro.com.br\/v1\/wp-json\/wp\/v2\/tags?post=11368"}],"curies":[{"name":"wp","href":"https:\/\/api.w.org\/{rel}","templated":true}]}}