{"id":11231,"date":"2010-05-25T14:20:17","date_gmt":"2010-05-25T17:20:17","guid":{"rendered":"http:\/\/www.walcordeiro.com.br\/v1\/?p=11231"},"modified":"2010-05-25T14:20:17","modified_gmt":"2010-05-25T17:20:17","slug":"insatisfeitos-motoristas-e-cobradores-do-transporte-urbano-param-em-conquista","status":"publish","type":"post","link":"https:\/\/www.walcordeiro.com.br\/v1\/2010\/05\/25\/insatisfeitos-motoristas-e-cobradores-do-transporte-urbano-param-em-conquista\/","title":{"rendered":"Insatisfeitos, motoristas e cobradores do transporte urbano param em Conquista"},"content":{"rendered":"<p><em><strong>da TV Sudoeste | Blog do Marcelo<\/strong><\/em><\/p>\n<p>Uma ter\u00e7a-feira sem transporte coletivo, em Vit\u00f3ria da Conquista. Motoristas e cobradores pararam as atividades nesta manh\u00e3, numa greve de advert\u00eancia, que pode continuar por tempo indeterminado, caso n\u00e3o haja acordo com as empresas. Preju\u00edzo para a popula\u00e7\u00e3o.<\/p>\n<p><object classid=\"clsid:d27cdb6e-ae6d-11cf-96b8-444553540000\" width=\"500\" height=\"385\" codebase=\"http:\/\/download.macromedia.com\/pub\/shockwave\/cabs\/flash\/swflash.cab#version=6,0,40,0\"><param name=\"allowFullScreen\" value=\"true\" \/><param name=\"allowScriptAccess\" value=\"always\" \/><param name=\"src\" value=\"http:\/\/www.youtube.com\/v\/4c4-Ceiz0g0&amp;color1=0xb1b1b1&amp;color2=0xd0d0d0&amp;hl=en_US&amp;feature=player_embedded&amp;fs=1\" \/><param name=\"allowfullscreen\" value=\"true\" \/><embed type=\"application\/x-shockwave-flash\" width=\"500\" height=\"385\" src=\"http:\/\/www.youtube.com\/v\/4c4-Ceiz0g0&amp;color1=0xb1b1b1&amp;color2=0xd0d0d0&amp;hl=en_US&amp;feature=player_embedded&amp;fs=1\" allowfullscreen=\"true\" allowscriptaccess=\"always\"><\/embed><\/object><\/p>\n","protected":false},"excerpt":{"rendered":"<p>da TV Sudoeste | Blog do Marcelo Uma ter\u00e7a-feira sem transporte coletivo, em Vit\u00f3ria da Conquista. Motoristas e cobradores pararam as atividades nesta manh\u00e3, numa greve de advert\u00eancia, que pode continuar por tempo indeterminado, caso n\u00e3o haja acordo com as empresas. Preju\u00edzo para a popula\u00e7\u00e3o.<\/p>\n","protected":false},"author":2,"featured_media":0,"comment_status":"open","ping_status":"open","sticky":false,"template":"","format":"standard","meta":{"footnotes":"","_links_to":"","_links_to_target":""},"categories":[6],"tags":[2305,4347,222,4348,2821,766,4311,2823,1380,4349,4350,4351,116],"class_list":["post-11231","post","type-post","status-publish","format-standard","hentry","category-noticias","tag-video","tag-advertencia","tag-bahia","tag-cobradores","tag-coletivo","tag-greve","tag-motoristas","tag-onibus","tag-paralisacao","tag-transporte","tag-urbano","tag-usuarios","tag-vitoria-da-conquista"],"acf":[],"views":705,"_links":{"self":[{"href":"https:\/\/www.walcordeiro.com.br\/v1\/wp-json\/wp\/v2\/posts\/11231","targetHints":{"allow":["GET"]}}],"collection":[{"href":"https:\/\/www.walcordeiro.com.br\/v1\/wp-json\/wp\/v2\/posts"}],"about":[{"href":"https:\/\/www.walcordeiro.com.br\/v1\/wp-json\/wp\/v2\/types\/post"}],"author":[{"embeddable":true,"href":"https:\/\/www.walcordeiro.com.br\/v1\/wp-json\/wp\/v2\/users\/2"}],"replies":[{"embeddable":true,"href":"https:\/\/www.walcordeiro.com.br\/v1\/wp-json\/wp\/v2\/comments?post=11231"}],"version-history":[{"count":1,"href":"https:\/\/www.walcordeiro.com.br\/v1\/wp-json\/wp\/v2\/posts\/11231\/revisions"}],"predecessor-version":[{"id":11232,"href":"https:\/\/www.walcordeiro.com.br\/v1\/wp-json\/wp\/v2\/posts\/11231\/revisions\/11232"}],"wp:attachment":[{"href":"https:\/\/www.walcordeiro.com.br\/v1\/wp-json\/wp\/v2\/media?parent=11231"}],"wp:term":[{"taxonomy":"category","embeddable":true,"href":"https:\/\/www.walcordeiro.com.br\/v1\/wp-json\/wp\/v2\/categories?post=11231"},{"taxonomy":"post_tag","embeddable":true,"href":"https:\/\/www.walcordeiro.com.br\/v1\/wp-json\/wp\/v2\/tags?post=11231"}],"curies":[{"name":"wp","href":"https:\/\/api.w.org\/{rel}","templated":true}]}}