{"id":10984,"date":"2010-05-24T06:38:43","date_gmt":"2010-05-24T09:38:43","guid":{"rendered":"http:\/\/www.walcordeiro.com.br\/v1\/?p=10984"},"modified":"2010-05-24T06:38:43","modified_gmt":"2010-05-24T09:38:43","slug":"terminam-hoje-inscricoes-para-vestibular-da-uefs","status":"publish","type":"post","link":"https:\/\/www.walcordeiro.com.br\/v1\/2010\/05\/24\/terminam-hoje-inscricoes-para-vestibular-da-uefs\/","title":{"rendered":"Terminam hoje inscri\u00e7\u00f5es para vestibular da Uefs"},"content":{"rendered":"<p>Termina \u00e0s 12 horas desta segunda-feira (24) as inscri\u00e7\u00f5es para o vestibular 2010.2 da Universidade Estadual de Feira de Santana (Uefs). S\u00e3o oferecidas 685 vagas em 19 cursos. Os interessados podem realizar a inscri\u00e7\u00e3o pela internet, <a href=\"http:\/\/www.uefs.br\/portal\"><strong><span style=\"color: #990000;\">atrav\u00e9s do portal da Institui\u00e7\u00e3o<\/span><\/strong><\/a>, se\u00e7\u00e3o Processo Seletivo.<\/p>\n<p>Ap\u00f3s o preenchimento dos dados pessoais, o candidato deve imprimir o comprovante e pagar a taxa de inscri\u00e7\u00e3o, no valor de R$80.<br \/>\n\u00a0<br \/>\n<strong>Concurso<\/strong> &#8211; A Uefs inscreve, tamb\u00e9m pela internet, at\u00e9 esta segunda para o concurso p\u00fablico de provas e t\u00edtulos. S\u00e3o oferecidas 159 vagas, 134 a mais que o previsto em edital. <em>Do Ibahia<\/em><\/p>\n","protected":false},"excerpt":{"rendered":"<p>Termina \u00e0s 12 horas desta segunda-feira (24) as inscri\u00e7\u00f5es para o vestibular 2010.2 da Universidade Estadual de Feira de Santana (Uefs). S\u00e3o oferecidas 685 vagas em 19 cursos. Os interessados podem realizar a inscri\u00e7\u00e3o pela internet, atrav\u00e9s do portal da Institui\u00e7\u00e3o, se\u00e7\u00e3o Processo Seletivo. Ap\u00f3s o preenchimento dos dados pessoais, o candidato deve imprimir o comprovante e pagar a taxa de inscri\u00e7\u00e3o, no valor de R$80. \u00a0 Concurso &#8211; A Uefs inscreve, tamb\u00e9m pela internet, at\u00e9 esta segunda para o concurso p\u00fablico de provas e t\u00edtulos. S\u00e3o oferecidas 159 vagas, 134 a mais que o previsto em edital. Do Ibahia<\/p>\n","protected":false},"author":2,"featured_media":0,"comment_status":"open","ping_status":"open","sticky":false,"template":"","format":"standard","meta":{"footnotes":"","_links_to":"","_links_to_target":""},"categories":[6],"tags":[1568,3257,105],"class_list":["post-10984","post","type-post","status-publish","format-standard","hentry","category-noticias","tag-inscricao","tag-uefs","tag-vestibular"],"acf":[],"views":552,"_links":{"self":[{"href":"https:\/\/www.walcordeiro.com.br\/v1\/wp-json\/wp\/v2\/posts\/10984","targetHints":{"allow":["GET"]}}],"collection":[{"href":"https:\/\/www.walcordeiro.com.br\/v1\/wp-json\/wp\/v2\/posts"}],"about":[{"href":"https:\/\/www.walcordeiro.com.br\/v1\/wp-json\/wp\/v2\/types\/post"}],"author":[{"embeddable":true,"href":"https:\/\/www.walcordeiro.com.br\/v1\/wp-json\/wp\/v2\/users\/2"}],"replies":[{"embeddable":true,"href":"https:\/\/www.walcordeiro.com.br\/v1\/wp-json\/wp\/v2\/comments?post=10984"}],"version-history":[{"count":1,"href":"https:\/\/www.walcordeiro.com.br\/v1\/wp-json\/wp\/v2\/posts\/10984\/revisions"}],"predecessor-version":[{"id":10985,"href":"https:\/\/www.walcordeiro.com.br\/v1\/wp-json\/wp\/v2\/posts\/10984\/revisions\/10985"}],"wp:attachment":[{"href":"https:\/\/www.walcordeiro.com.br\/v1\/wp-json\/wp\/v2\/media?parent=10984"}],"wp:term":[{"taxonomy":"category","embeddable":true,"href":"https:\/\/www.walcordeiro.com.br\/v1\/wp-json\/wp\/v2\/categories?post=10984"},{"taxonomy":"post_tag","embeddable":true,"href":"https:\/\/www.walcordeiro.com.br\/v1\/wp-json\/wp\/v2\/tags?post=10984"}],"curies":[{"name":"wp","href":"https:\/\/api.w.org\/{rel}","templated":true}]}}