{"id":10788,"date":"2010-05-21T07:37:05","date_gmt":"2010-05-21T10:37:05","guid":{"rendered":"http:\/\/www.walcordeiro.com.br\/v1\/?p=10788"},"modified":"2010-05-21T07:37:05","modified_gmt":"2010-05-21T10:37:05","slug":"silas-malafaia-quebra-silencio-e-fala-sobre-sua-saida-da-convencao-das-assembleias-de-deus","status":"publish","type":"post","link":"https:\/\/www.walcordeiro.com.br\/v1\/2010\/05\/21\/silas-malafaia-quebra-silencio-e-fala-sobre-sua-saida-da-convencao-das-assembleias-de-deus\/","title":{"rendered":"Silas Malafaia quebra sil\u00eancio e fala sobre sua sa\u00edda da Conven\u00e7\u00e3o das Assembl\u00e9ias de Deus"},"content":{"rendered":"<p><img loading=\"lazy\" decoding=\"async\" src=\"http:\/\/noticias.gospelmais.com.br\/wp-content\/themes\/gnoticias\/scripts\/timthumb.php?src=http:\/\/noticias.gospelmais.com.br\/\/wp-content\/uploads\/2010\/01\/malafaia.jpg&amp;w=150&amp;h=150&amp;zc=1&amp;q=100\" alt=\"Silas Malafaia quebra sil\u00eancio e fala sobre sua sa\u00edda da Conven\u00e7\u00e3o das Assembl\u00e9ias de Deus\" width=\"150\" height=\"150\" \/>Em aten\u00e7\u00e3o aos in\u00fameros e-mails e telefonemas recebidos ap\u00f3s a declara\u00e7\u00e3o do <a title=\"pastor Silas Malafaia\" href=\"http:\/\/noticias.gospelmais.com.br\/programa-do-pastor-silas-malafaia-e-ameacado-pelo-ministerio-da-justica.html\">pastor Silas Malafaia<\/a> sobre o seu desligamento da CGADB (Conven\u00e7\u00e3o Geral das Assembleias de Deus do Brasil), no programa Vit\u00f3ria em Cristo exibido no dia 15\/05\/10, o agora ex vice presidente da conven\u00e7\u00e3o falou um pouco sobre sua sa\u00edda.<\/p>\n<p><a title=\"Silas Malafaia\" href=\"http:\/\/noticias.gospelmais.com.br\/silas-malafaia-compra-em-dolar-um-aviao-mais-caro-que-o-de-r-r-soares-e-samuel-camara-juntos.html\">Silas Malafaia<\/a> respondeu a diversos questionamentos e especula\u00e7\u00f5es criados por pessoas na internet e aproveitou para compartilhar algumas de suas responsabilidades.<\/p>\n<p>Confira na integra a nota oficial de <a href=\"http:\/\/videos.gospelmais.com.br\/video-silas-malafaia-no-programa-do-ratinho-debate-sobre-plc-122-e-homofobia.html\" target=\"_blank\">Silas Malafaia<\/a> abaixo:<!--more--><\/p>\n<blockquote><p>\u201cMinha ren\u00fancia ao cargo de vice-presidente e o meu desligamento da CGADB (Conven\u00e7\u00e3o Geral das Assembleias de Deus do Brasil) devem-se ao fato de eu ter assumido, repentinamente, o pastorado da igreja Assembleia de Deus Penha (RJ), que passou a denominar-se Assembleia de Deus Vit\u00f3ria em Cristo. Ao assumir a <a onclick=\"hwClick098715(undefined);return false;\" onmouseover=\"hw098715(event, this, 'undefined'); this.style.cursor='hand'; this.style.textDecoration='underline'; this.style.borderBottom='solid';\" onmouseout=\"hideMaybe('HOTWordsTitle'); this.style.cursor='hand'; this.style.textDecoration='underline'; this.style.borderBottom='dotted 1px'; \" href=\"#\">lideran\u00e7a<\/a> desse rebanho, Deus me deu uma vis\u00e3o que demandar\u00e1 de todos n\u00f3s muita dedica\u00e7\u00e3o;<\/p>\n<p>Outrossim, sem d\u00favida, tal decis\u00e3o deve-se tamb\u00e9m a assuntos de ordem interna dos membros da CGADB, que est\u00e3o expl\u00edcitos no documento que enviei via Cart\u00f3rio ao presidente da institui\u00e7\u00e3o, no dia 14\/05\/2010. Caso voc\u00ea seja membro da CGADB, \u00e9 seu direito solicitar \u00e0 secretaria da conven\u00e7\u00e3o (pelo telefone 21.3351-3054) uma c\u00f3pia do documento, para que tome <a onclick=\"hwClick398715(undefined);return false;\" onmouseover=\"hw398715(event, this, 'undefined'); this.style.cursor='hand'; this.style.textDecoration='underline'; this.style.borderBottom='solid';\" onmouseout=\"hideMaybe('HOTWordsTitle'); this.style.cursor='hand'; this.style.textDecoration='underline'; this.style.borderBottom='dotted 1px'; \" href=\"#\">conhecimento<\/a> dos principais motivos de minha ren\u00fancia. Afinal, a prud\u00eancia me impediu de trazer a p\u00fablico essas quest\u00f5es internas em Rede Nacional de Televis\u00e3o;<\/p>\n<p>Continuo sendo um pastor com doutrina b\u00edblica da Assembleia de Deus;<\/p>\n<p>N\u00e3o fundarei nenhuma conven\u00e7\u00e3o, seja de car\u00e1ter nacional ou estadual;<\/p>\n<p>A Assembleia de Deus Vit\u00f3ria em Cristo (RJ), por mim presidida, n\u00e3o aceitar\u00e1 em seu minist\u00e9rio nenhum pastor advindo de divis\u00e3o de igrejas ou por motivo de rebeli\u00e3o;<\/p>\n<p>Nunca me considerei superior a nenhum outro pastor da denomina\u00e7\u00e3o ou de outras igrejas. Ao contr\u00e1rio, em minhas mensagens sempre digo que h\u00e1 muitos pastores melhores do que eu. Entretanto, talvez pelo fato de estar diariamente nos programas de televis\u00e3o, as pessoas me julgam erroneamente como \u201cgrande\u201d. Sou muito consciente de que existem melhores l\u00edderes e pregadores do que eu;<\/p>\n<p>N\u00e3o quero viver isoladamente com a igreja que Deus tem me confiado. Por isso, continuo membro do CIMEB (Conselho Interdenominacional de Ministros Evang\u00e9licos do Brasil). Caso a CEADER (Conven\u00e7\u00e3o Evang\u00e9lica das Assembleias de Deus no Estado do Rio de Janeiro), na pr\u00f3xima reforma estatut\u00e1ria, permita-me pertencer a ela sem obrigar-me a ser membro da CGADB, eu continuarei na CEADER, pois esta permanece sendo uma conven\u00e7\u00e3o com ambiente democr\u00e1tico e salutar aos pastores. Sempre procuro me rodear de amigos pastores de todos os matizes ideol\u00f3gicos, buscando aprender das virtudes de cada um deles;<\/p>\n<p>A minha decis\u00e3o \u00e9 estritamente pessoal. A prova \u00e9 que alguns pastores que integram a Assembleia de Deus Vit\u00f3ria em Cristo e a Associa\u00e7\u00e3o Vit\u00f3ria em Cristo, ambas as institui\u00e7\u00f5es presididas por mim, continuam sendo membros da CGADB. Tenho aprendido que o melhor modelo de lideran\u00e7a \u00e9 a liberdade.<\/p>\n<p>Por fim, convido a todos para rever o programa Vit\u00f3ria em Cristo, que ser\u00e1 transmitido no pr\u00f3ximo s\u00e1bado, 22 de maio, a fim de que compreendam perfeitamente o meu posicionamento.\u201d<\/p><\/blockquote>\n<p>Fonte: Associa\u00e7\u00e3o Vit\u00f3ria em Cristo \/ <a href=\"http:\/\/gospelmais.com.br\/\" target=\"_blank\">Gospel+<\/a><\/p>\n","protected":false},"excerpt":{"rendered":"<p>Em aten\u00e7\u00e3o aos in\u00fameros e-mails e telefonemas recebidos ap\u00f3s a declara\u00e7\u00e3o do pastor Silas Malafaia sobre o seu desligamento da CGADB (Conven\u00e7\u00e3o Geral das Assembleias de Deus do Brasil), no programa Vit\u00f3ria em Cristo exibido no dia 15\/05\/10, o agora ex vice presidente da conven\u00e7\u00e3o falou um pouco sobre sua sa\u00edda. Silas Malafaia respondeu a diversos questionamentos e especula\u00e7\u00f5es criados por pessoas na internet e aproveitou para compartilhar algumas de suas responsabilidades. Confira na integra a nota oficial de Silas Malafaia abaixo:<\/p>\n","protected":false},"author":2,"featured_media":0,"comment_status":"open","ping_status":"open","sticky":false,"template":"","format":"standard","meta":{"footnotes":"","_links_to":"","_links_to_target":""},"categories":[6],"tags":[2009,3303,835,1533,3001,4243,2010,2011,2012,2013,2014,2015,2016,2017,2018,2019,2020,2021,2022,2023,2024,2025,2026,2027,3304,3305,3306,3307,2028,2029,2030,2031,2032],"class_list":["post-10788","post","type-post","status-publish","format-standard","hentry","category-noticias","tag-associacao-vitoria-em-cristo","tag-aviao-de-pastor","tag-blog","tag-dinheiro","tag-igreja-assembleia-de-deus","tag-igreja-assembleia-de-deus-vitoria-em-cristo","tag-lei-anti-homofobia","tag-mordaca-gay","tag-pastor-silas","tag-pastor-silas-malafaia","tag-pastor-silas-na-tv","tag-pl-122","tag-pl-12206","tag-pl-1222006","tag-pl122","tag-pl12206","tag-pl1222006","tag-plc-122","tag-plc122","tag-pr-silas-malafaia","tag-pr-silas-malafia","tag-programa-do-ratinho","tag-programa-pastor-silas-malafaia","tag-programa-vitoria-em-cristo","tag-prosperidade","tag-r900-silas-malafaia","tag-r-r-soares","tag-samuel-camara","tag-silas-malafaia","tag-silas-malafaia-na-tv","tag-silas-malafaia-no-programa-do-ratinho","tag-silas-malafaia-sobre-pl-122","tag-vitoria-em-cristo"],"acf":[],"views":3254,"_links":{"self":[{"href":"https:\/\/www.walcordeiro.com.br\/v1\/wp-json\/wp\/v2\/posts\/10788","targetHints":{"allow":["GET"]}}],"collection":[{"href":"https:\/\/www.walcordeiro.com.br\/v1\/wp-json\/wp\/v2\/posts"}],"about":[{"href":"https:\/\/www.walcordeiro.com.br\/v1\/wp-json\/wp\/v2\/types\/post"}],"author":[{"embeddable":true,"href":"https:\/\/www.walcordeiro.com.br\/v1\/wp-json\/wp\/v2\/users\/2"}],"replies":[{"embeddable":true,"href":"https:\/\/www.walcordeiro.com.br\/v1\/wp-json\/wp\/v2\/comments?post=10788"}],"version-history":[{"count":1,"href":"https:\/\/www.walcordeiro.com.br\/v1\/wp-json\/wp\/v2\/posts\/10788\/revisions"}],"predecessor-version":[{"id":10789,"href":"https:\/\/www.walcordeiro.com.br\/v1\/wp-json\/wp\/v2\/posts\/10788\/revisions\/10789"}],"wp:attachment":[{"href":"https:\/\/www.walcordeiro.com.br\/v1\/wp-json\/wp\/v2\/media?parent=10788"}],"wp:term":[{"taxonomy":"category","embeddable":true,"href":"https:\/\/www.walcordeiro.com.br\/v1\/wp-json\/wp\/v2\/categories?post=10788"},{"taxonomy":"post_tag","embeddable":true,"href":"https:\/\/www.walcordeiro.com.br\/v1\/wp-json\/wp\/v2\/tags?post=10788"}],"curies":[{"name":"wp","href":"https:\/\/api.w.org\/{rel}","templated":true}]}}