{"id":10283,"date":"2010-05-18T07:31:45","date_gmt":"2010-05-18T10:31:45","guid":{"rendered":"http:\/\/www.walcordeiro.com.br\/v1\/?p=10283"},"modified":"2010-05-18T07:31:45","modified_gmt":"2010-05-18T10:31:45","slug":"vox-populi-aponta-lideranca-de-wagner-na-bahia","status":"publish","type":"post","link":"https:\/\/www.walcordeiro.com.br\/v1\/2010\/05\/18\/vox-populi-aponta-lideranca-de-wagner-na-bahia\/","title":{"rendered":"Vox Populi aponta lideran\u00e7a de Wagner na Bahia"},"content":{"rendered":"<p><strong><em>Adriano Villela\/ Tribuna da Bahia<\/em><\/strong><\/p>\n<p style=\"text-align: center;\">\u00a0<img loading=\"lazy\" decoding=\"async\" class=\"aligncenter\" src=\"http:\/\/www.blogdoanderson.com\/v2\/wp-content\/uploads\/2009\/12\/Souto-Wagner-Geddel.jpg\" alt=\"\" width=\"293\" height=\"173\" \/><\/p>\n<p>Pesquisa Vox Populi divulgada na noite de ontem reafirma o governador e <a onclick=\"hwClick(&quot;candidato&quot;);return false;\" onmouseover=\"hwShow(event, this, &quot;candidato&quot;); this.style.cursor=&quot;hand&quot;; this.style.textDecoration=&quot;underline&quot;; this.style.borderBottom=&quot;solid&quot;;\" onmouseout=\"hideMaybe(this, &quot;candidato&quot;); this.style.cursor=&quot;hand&quot;; this.style.textDecoration=&quot;underline&quot;; this.style.borderBottom=&quot;dotted 1px&quot;; \" href=\"http:\/\/www.tribunadabahia.com.br\/news.php?idAtual=48192#\">candidato<\/a> a reelei\u00e7\u00e3o Jaques Wagner (PT) na primeira coloca\u00e7\u00e3o, com 41% na pesquisa estimulada e 21% na espont\u00e2nea. O ex-governador Paulo Souto (DEM) \u00e9 o segundo, com 32% na estimulada e 9% na espont\u00e2nea. O ex-ministro Geddel Vieira Lima (PMDB) continua fora da zona de segundo turno, na 3\u00aa coloca\u00e7\u00e3o, com 9% e 2%, respectivamente.<\/p>\n<div id=\"HOTWordsTxt\">\n<p>\u00a0A margem de erro \u00e9 de 3,5 ponto percentual, para mais ou para menos. Registrada no Tribunal Regional <a onclick=\"hwClick(&quot;Eleitoral&quot;);return false;\" onmouseover=\"hwShow(event, this, &quot;Eleitoral&quot;); this.style.cursor=&quot;hand&quot;; this.style.textDecoration=&quot;underline&quot;; this.style.borderBottom=&quot;solid&quot;;\" onmouseout=\"hideMaybe(this, &quot;Eleitoral&quot;); this.style.cursor=&quot;hand&quot;; this.style.textDecoration=&quot;underline&quot;; this.style.borderBottom=&quot;dotted 1px&quot;; \" href=\"http:\/\/www.tribunadabahia.com.br\/news.php?idAtual=48192#\">Eleitoral<\/a> (TER) desde o \u00faltimo dia 10, a pesquisa foi encomendada pela Rede Bandeirantes. Foram ouvidas 700 <a onclick=\"hwClick(&quot;pessoas&quot;);return false;\" onmouseover=\"hwShow(event, this, &quot;pessoas&quot;); this.style.cursor=&quot;hand&quot;; this.style.textDecoration=&quot;underline&quot;; this.style.borderBottom=&quot;solid&quot;;\" onmouseout=\"hideMaybe(this, &quot;pessoas&quot;); this.style.cursor=&quot;hand&quot;; this.style.textDecoration=&quot;underline&quot;; this.style.borderBottom=&quot;dotted 1px&quot;; \" href=\"http:\/\/www.tribunadabahia.com.br\/news.php?idAtual=48192#\">pessoas<\/a>, entre os dias 8 e 11 deste m\u00eas.<\/p>\n<p>\u00a0<!--more-->No comparativo com a rodada passada, em janeiro, Wagner caiu tr\u00eas pontos (estava com 44%), Souto subiu de 29% para 32% e Geddel foi de 8% para 9%. Na vis\u00e3o do cientista pol\u00edtico Joviniano Neto, os n\u00fameros do Vox Populi e de outros institutos mostram o governador tranquilo para ou ir para o segundo turno ou vencer logo na primeira rodada. \u201cA d\u00favida, hoje, \u00e9 se haver\u00e1 ou n\u00e3o\u00a0 segundo turno\u201d, avalia. \u201cO mais importante \u00e9 a pesquisa espont\u00e2nea, que mostra o voto j\u00e1 consolidado\u201d.<\/p>\n<p>\u00a0BIPOLARIZA\u00c7\u00c3O &#8211; Na opini\u00e3o do cientista pol\u00edtico Paulo F\u00e1bio Dantas, a sondagem indica na Bahia uma continuidade da tend\u00eancia da campanha atual repetir 2006, que teve disputa bipolarizada, e n\u00e3o do cen\u00e1rio do pleito de 2008, em Salvador, com tr\u00eas candidaturas com reais chances de vit\u00f3ria.<\/p>\n<p>\u00a0Joviniano Neto avalia que, entre os principais concorrentes, apenas o peemedebista Geddel Vieira Lima n\u00e3o tem o que comemorar. Segundo ele, apesar de estar atr\u00e1s de Wagner, Paulo Souto conta com vantagens, como o recall de ter sido governador e o fato de integrar um grupo pol\u00edtico que at\u00e9 2006 era o mais forte na pol\u00edtica baiana.<\/p>\n<p>\u00a0O professor entende que o ex-ministro corre o risco de n\u00e3o ser identificado em nenhum dos dois p\u00f3los (do grupo do presidente Lula ou da oposi\u00e7\u00e3o nacional). \u201cO que resta a ele \u00e9 fazer como est\u00e1 fazendo: viajar pela Bahia para disputar o voto interiorano\u201d, ressalta. A diferen\u00e7a da vota\u00e7\u00e3o entre a estimulada e a espont\u00e2nea aponta o campo de eleitorado n\u00e3o consolidado, portanto s\u00e3o os votos pass\u00edveis de serem conquistados por estrat\u00e9gias como a do ex-ministro.<\/p>\n<p>\u00a0Quadro n\u00e3o est\u00e1 consolidado<\/p>\n<p>\u201cO quadro ainda n\u00e3o est\u00e1 consolidado. Ainda nem come\u00e7ou a campanha\u201d, adverte Paulo F\u00e1bio, para quem h\u00e1 uma continuidade nas pesquisa no sentido de um confronto entre Wagner e Souto em torno das elei\u00e7\u00f5es estaduais.<\/p>\n<p>\u00a0A fim de chegar a um entendimento mais completo sobre o quadro baiano, Paulo F\u00e1bio espera sondagens para a elei\u00e7\u00e3o ao Senado, cujas chapas ainda nem est\u00e3o completas.<\/p>\n<p>\u00a0<a onclick=\"hwClick(&quot;\u00a0Novidade&quot;);return false;\" onmouseover=\"hwShow(event, this, &quot;\u00a0Novidade&quot;); this.style.cursor=&quot;hand&quot;; this.style.textDecoration=&quot;underline&quot;; this.style.borderBottom=&quot;solid&quot;;\" onmouseout=\"hideMaybe(this, &quot;\u00a0Novidade&quot;); this.style.cursor=&quot;hand&quot;; this.style.textDecoration=&quot;underline&quot;; this.style.borderBottom=&quot;dotted 1px&quot;; \" href=\"http:\/\/www.tribunadabahia.com.br\/news.php?idAtual=48192#\">\u00a0Novidade<\/a> nesta rodada da pesquisa, o pr\u00e9-candidato a governador pelo PV, Luiz Bassuma, aparece com 1% na estimulada, que registrou ainda 4 % de brancos e nulos e 13% dos eleitores indecisos. Na espont\u00e2nea, o n\u00famero de indecisos sobe significativamente \u2013 64% n\u00e3o sabem ou n\u00e3o informaram.<\/p>\n<\/div>\n","protected":false},"excerpt":{"rendered":"<p>Adriano Villela\/ Tribuna da Bahia \u00a0 Pesquisa Vox Populi divulgada na noite de ontem reafirma o governador e candidato a reelei\u00e7\u00e3o Jaques Wagner (PT) na primeira coloca\u00e7\u00e3o, com 41% na pesquisa estimulada e 21% na espont\u00e2nea. O ex-governador Paulo Souto (DEM) \u00e9 o segundo, com 32% na estimulada e 9% na espont\u00e2nea. O ex-ministro Geddel Vieira Lima (PMDB) continua fora da zona de segundo turno, na 3\u00aa coloca\u00e7\u00e3o, com 9% e 2%, respectivamente. \u00a0A margem de erro \u00e9 de 3,5 ponto percentual, para mais ou para menos. Registrada no Tribunal Regional Eleitoral (TER) desde o \u00faltimo dia 10, a pesquisa&#8230;<\/p>\n","protected":false},"author":2,"featured_media":0,"comment_status":"open","ping_status":"open","sticky":false,"template":"","format":"standard","meta":{"footnotes":"","_links_to":"","_links_to_target":""},"categories":[6],"tags":[222,721,326,285,1638,328],"class_list":["post-10283","post","type-post","status-publish","format-standard","hentry","category-noticias","tag-bahia","tag-geddel","tag-paulo-souto","tag-pesquisa","tag-vox-populi","tag-wagner"],"acf":[],"views":672,"_links":{"self":[{"href":"https:\/\/www.walcordeiro.com.br\/v1\/wp-json\/wp\/v2\/posts\/10283","targetHints":{"allow":["GET"]}}],"collection":[{"href":"https:\/\/www.walcordeiro.com.br\/v1\/wp-json\/wp\/v2\/posts"}],"about":[{"href":"https:\/\/www.walcordeiro.com.br\/v1\/wp-json\/wp\/v2\/types\/post"}],"author":[{"embeddable":true,"href":"https:\/\/www.walcordeiro.com.br\/v1\/wp-json\/wp\/v2\/users\/2"}],"replies":[{"embeddable":true,"href":"https:\/\/www.walcordeiro.com.br\/v1\/wp-json\/wp\/v2\/comments?post=10283"}],"version-history":[{"count":2,"href":"https:\/\/www.walcordeiro.com.br\/v1\/wp-json\/wp\/v2\/posts\/10283\/revisions"}],"predecessor-version":[{"id":10285,"href":"https:\/\/www.walcordeiro.com.br\/v1\/wp-json\/wp\/v2\/posts\/10283\/revisions\/10285"}],"wp:attachment":[{"href":"https:\/\/www.walcordeiro.com.br\/v1\/wp-json\/wp\/v2\/media?parent=10283"}],"wp:term":[{"taxonomy":"category","embeddable":true,"href":"https:\/\/www.walcordeiro.com.br\/v1\/wp-json\/wp\/v2\/categories?post=10283"},{"taxonomy":"post_tag","embeddable":true,"href":"https:\/\/www.walcordeiro.com.br\/v1\/wp-json\/wp\/v2\/tags?post=10283"}],"curies":[{"name":"wp","href":"https:\/\/api.w.org\/{rel}","templated":true}]}}